{"id":35149,"date":"2016-06-21T00:02:59","date_gmt":"2016-06-21T05:02:59","guid":{"rendered":"http:\/\/www.biblia.work\/sermones\/detalles-de-pastor\/"},"modified":"2016-06-21T00:02:59","modified_gmt":"2016-06-21T05:02:59","slug":"detalles-de-pastor","status":"publish","type":"post","link":"https:\/\/www.biblia.work\/sermones\/detalles-de-pastor\/","title":{"rendered":"Detalles de pastor"},"content":{"rendered":"<p align=\"justify\"><strong>Detalles de pastor<\/strong><\/p>\n<p align=\"justify\">Es cierto que no es lo mismo predicar que dar trigo, pero cuando vemos semillas buenas es para alegrarse y hacerlas notar, porque seguro que de ah\u00ed saldr\u00e1n buenas espigas y buen pan para partir y compartir. Digo esto a colaci\u00f3n de todo lo que est\u00e1 queriendo ser este a\u00f1o eclesial de la misericordia\u2026<\/p>\n<p align=\"justify\"><strong>Bienaventuranza de misericordia<\/strong><\/p>\n<p align=\"justify\">Son muchas las palabras, reflexiones y discursos que se est\u00e1n haciendo en torno a este tema, detalle que deber\u00eda ser normal ya que se trata de la clave transversal del quehacer teol\u00f3gico programado en las bienaventuranzas, aunque el a\u00f1o no estuviera dedicado a ello. As\u00ed lo ha proclamado el papa Francisco al hablarnos de que el nombre aut\u00e9ntico de Dios es el de la misericordia, como su rostro. Pero es bueno destacar los hechos concretos que se presentan como signos discretos y callados, a la vez que aut\u00e9nticos y profundos, que caminan en esa direcci\u00f3n de hacer normal lo m\u00e1s central e importante de la misi\u00f3n. En este sentido, quiero recoger peque\u00f1os signos que para m\u00ed est\u00e1n siendo significativos y cercanos.<br \/>\n<strong>La llamada de mi arzobispo<\/strong><\/p>\n<p align=\"justify\">En estos d\u00edas recib\u00eda una llamada telef\u00f3nica de mi arzobispo, Celso Morga. Sinceramente, pens\u00e9 que ser\u00eda alguna cuesti\u00f3n de organizaci\u00f3n respecto a mi trabajo pastoral\u2026 pero no, su llamada era para interesarse por mi salud, mi \u00e1nimo, mis cuidados personales. Es decir, que le interesa y le importa c\u00f3mo pueda estar yo y c\u00f3mo me van las cosas. Me alegr\u00f3 el gesto, ni puedo ni quiero esconderlo, y me satisface cuando otros compa\u00f1eros me hablan de que es algo habitual y natural en \u00e9l, porque a ellos tambi\u00e9n les ha entregado su mano cuidadosa.<\/p>\n<p align=\"justify\">Esta naturalidad nos favorece a todos y crea un buen clima de confianza y \u00e1nimo general. Pero en la conversaci\u00f3n me coment\u00f3 que acababa de estar por el barrio de los Colorines, zona muy marginal de nuestra ciudad. Hab\u00eda estado all\u00ed sin m\u00e1s preparativos, ni componendas, echando una ma\u00f1ana de visita y encuentro con la realidad y las personas que en aquel lugar viven, sienten, sufren, buscan\u2026 Visit\u00f3 los proyectos de C\u00e1ritas, los talleres de formaci\u00f3n personal de mujeres, j\u00f3venes; m\u00e1s que hablarles, les escuch\u00f3 en todo lo que quisieron compartir con \u00e9l.<\/p>\n<p align=\"justify\"><strong>Como hac\u00eda Jes\u00fas de Nazaret\u2026<\/strong><\/p>\n<p align=\"justify\">Entr\u00f3 en casas de gente que, desde la calle, le invitaron a visitar. Un ejemplo de ello fue el de una mujer de etnia gitana que se lo pidi\u00f3 expresamente, dici\u00e9ndole que era \u00abpobre pero muy limpia\u00bb. All\u00ed vio c\u00f3mo en una casita viven nueve personas, que le han retirado la renta b\u00e1sica porque venden frutas ilegalmente en las calles, y \u00e9l, at\u00f3nito, ve\u00eda la realidad en directo como hac\u00eda Jes\u00fas de Nazaret, como hace Vicente -el sacerdote que le acompa\u00f1aba- a diario en esa barriada de dolor y sufrimiento, junto a todos los que colaboran en esa parroquia y en esos proyectos. Me confes\u00f3 que le hab\u00eda impactado la realidad de la pobreza y el sufrimiento de ese barrio, hablamos de c\u00f3mo esa situaci\u00f3n circunda a toda la ciudad como una corona de espinas, como lo llamaba el arzobispo em\u00e9rito Antonio Montero.<\/p>\n<p align=\"justify\">Le mostr\u00e9 agradecimiento por todos esos gestos que, con motivo del A\u00f1o de la Misericordia, est\u00e1 realizando en peregrinaci\u00f3n callada y sencilla a los lugares de dolor y periferia. S\u00e9 que ha estado en el Centro Hermano dedicado a los transe\u00fantes, en los comedores sociales de la ciudad y que tiene previsto seguir con toda una serie peregrinaciones de este tipo. Y \u00e9l se mostr\u00f3 contento de todas las iniciativas que se est\u00e1n desarrollando con este esp\u00edritu en nuestra di\u00f3cesis, tanto desde las parroquias y los sacerdotes, como de laicos y personas comprometidas que est\u00e1n apostando por favorecer las entra\u00f1as de misericordia que deben ser el centro de toda nuestra doctrina, nuestras normas, nuestros cultos, nuestros bienes.<\/p>\n<p align=\"justify\"><strong>Buen estilo y buen coraz\u00f3n<\/strong><\/p>\n<p align=\"justify\">Este tono vital y de gestos nos llama a interpelarnos a todo el presbiterio. A m\u00ed me provoca y lo agradezco, porque por ah\u00ed ha de venir mi renovaci\u00f3n, la de todos. De broma le dec\u00eda que si hab\u00eda crisis a los sesenta, porque me voy acercando a ellos, y se re\u00eda dici\u00e9ndome que a los cuarenta, a los cincuenta, a los sesenta\u2026 y que hab\u00eda que estar vigilantes. \u00c9l, de alguna manera, est\u00e1 vigilante y dispuesto a descubrir la archidi\u00f3cesis desde todos los lugares y todas sus periferias, buen estilo y buen coraz\u00f3n.<\/p>\n<p align=\"justify\">Y recuerdo que, en la felicitaci\u00f3n de la Navidad, nos contaba c\u00f3mo el Papa le hab\u00eda dicho, al destinarle como pastor nuestro, que iba a disfrutar m\u00e1s que detr\u00e1s de aquella mesa y esos papeles. Confes\u00f3 all\u00ed que era verdad que el a\u00f1o que llevaba con nosotros hab\u00eda sido de gozo y buen \u00e1nimo, con sensaciones nuevas. La conversaci\u00f3n telef\u00f3nica me reafirmaba en esta sensaci\u00f3n tan agradable: nuestro arzobispo est\u00e1 contento y disfrutando de su quehacer pastoral, se est\u00e1 dejando tocar por la realidad y abierto a ella, quiere a los sacerdotes y se preocupa y, al mismo tiempo, quiere abrir sus entra\u00f1as a los que son m\u00e1s pobres y sufren. Este gesto no puede ser otra cosa que felicitante para \u00e9l y para nosotros. Hoy, s\u00e9 que lo dem\u00e1s vendr\u00e1 por a\u00f1adidura y, al hilo de esta bienaventuranza, se me ocurre una invocaci\u00f3n sencilla: \u00abOscar Romero, ruega por nosotros\u00bb.<br \/>\nJos\u00e9 Moreno Losada. Sacerdote de Badajoz<\/p>\n","protected":false},"excerpt":{"rendered":"<p>Detalles de pastor Es cierto que no es lo mismo predicar que dar trigo, pero cuando vemos semillas buenas es para alegrarse y hacerlas notar, porque seguro que de ah\u00ed saldr\u00e1n buenas espigas y buen pan para partir y compartir. Digo esto a colaci\u00f3n de todo lo que est\u00e1 queriendo ser este a\u00f1o eclesial de &hellip; <a href=\"https:\/\/www.biblia.work\/sermones\/detalles-de-pastor\/\" class=\"more-link\">Continuar leyendo<span class=\"screen-reader-text\"> \u00abDetalles de pastor\u00bb<\/span><\/a><\/p>\n","protected":false},"author":1,"featured_media":0,"comment_status":"open","ping_status":"closed","sticky":false,"template":"","format":"standard","meta":{"footnotes":""},"categories":[1],"tags":[],"class_list":["post-35149","post","type-post","status-publish","format-standard","hentry","category-general"],"_links":{"self":[{"href":"https:\/\/www.biblia.work\/sermones\/wp-json\/wp\/v2\/posts\/35149","targetHints":{"allow":["GET"]}}],"collection":[{"href":"https:\/\/www.biblia.work\/sermones\/wp-json\/wp\/v2\/posts"}],"about":[{"href":"https:\/\/www.biblia.work\/sermones\/wp-json\/wp\/v2\/types\/post"}],"author":[{"embeddable":true,"href":"https:\/\/www.biblia.work\/sermones\/wp-json\/wp\/v2\/users\/1"}],"replies":[{"embeddable":true,"href":"https:\/\/www.biblia.work\/sermones\/wp-json\/wp\/v2\/comments?post=35149"}],"version-history":[{"count":0,"href":"https:\/\/www.biblia.work\/sermones\/wp-json\/wp\/v2\/posts\/35149\/revisions"}],"wp:attachment":[{"href":"https:\/\/www.biblia.work\/sermones\/wp-json\/wp\/v2\/media?parent=35149"}],"wp:term":[{"taxonomy":"category","embeddable":true,"href":"https:\/\/www.biblia.work\/sermones\/wp-json\/wp\/v2\/categories?post=35149"},{"taxonomy":"post_tag","embeddable":true,"href":"https:\/\/www.biblia.work\/sermones\/wp-json\/wp\/v2\/tags?post=35149"}],"curies":[{"name":"wp","href":"https:\/\/api.w.org\/{rel}","templated":true}]}}