{"id":35150,"date":"2016-06-21T00:03:03","date_gmt":"2016-06-21T05:03:03","guid":{"rendered":"http:\/\/www.biblia.work\/sermones\/la-sociedad-vasca-tiene-que-mirarse-al-espejo-por-jose-luis-restan\/"},"modified":"2016-06-21T00:03:03","modified_gmt":"2016-06-21T05:03:03","slug":"la-sociedad-vasca-tiene-que-mirarse-al-espejo-por-jose-luis-restan","status":"publish","type":"post","link":"https:\/\/www.biblia.work\/sermones\/la-sociedad-vasca-tiene-que-mirarse-al-espejo-por-jose-luis-restan\/","title":{"rendered":"La sociedad vasca tiene que mirarse al espejo, por Jos\u00e9 Luis Rest\u00e1n"},"content":{"rendered":"<p class=\"heditor_first\"><em><strong>La sociedad vasca tiene que mirarse al espejo, por Jos\u00e9 Luis Rest\u00e1n, director editorial de la Cadena Cope, en P\u00e1ginas Digital del 20\/1\/2016<\/strong><\/em><\/p>\n<p class=\"heditor_first\">Hace ahora cinco a\u00f1os, Jos\u00e9 Ignacio Munilla pronunciaba una memorable homil\u00eda en la fiesta de San Sebasti\u00e1n, cuando apenas llevaba un a\u00f1o al frente de la di\u00f3cesis que lleva el mismo nombre de este m\u00e1rtir romano. Corr\u00eda el mes de enero de 2011 y hab\u00edan transcurrido pocos d\u00edas desde el anuncio de una tregua indefinida por parte de la banda terrorista ETA.<\/p>\n<p class=\"heditor_first\">El obispo Munilla realiz\u00f3 entonces algunas observaciones que conviene traer a la memoria en este momento. Sin ocultar la esperanza latente ante un futuro sin terrorismo, advert\u00eda que \u201ces muy dif\u00edcil, por no decir pr\u00e1cticamente imposible, alcanzar la deseada paz, sin un verdadero arrepentimiento por la violencia y los da\u00f1os causados\u2026 La paz no tendr\u00eda unas bases firmes si estuviese fundada en meros c\u00e1lculos estrat\u00e9gicos de efectividad\u201d.<\/p>\n<p align=\"justify\">\u00bfA qu\u00e9 viene recordar esto ahora, cuando aparentemente la normalizaci\u00f3n se ha establecido, cuando afortunadamente ya nadie espera ser sorprendido por el sonido de las bombas mientras desayuna antes de ir al trabajo, cuando las gentes de ETA empu\u00f1an ahora tranquilamente el bast\u00f3n municipal y manejan los presupuestos\u2026 y parece que definitivamente aqu\u00ed no pasa nada? Tambi\u00e9n el lehendakari Urkullu, dentro de su pol\u00edtica de moderaci\u00f3n y prudencia en los tiempos y las formas, ha pedido disculpas a las v\u00edctimas del terrorismo por la falta de cercan\u00eda del nacionalismo vasco durante a\u00f1os. Hace pocos d\u00edas, treinta y cinco acusados en el macro-juicio contra el entramado de ETA-Batasuna reconoc\u00edan tambi\u00e9n el da\u00f1o causado a las v\u00edctimas. As\u00ed lograban eludir la c\u00e1rcel tras un acuerdo con la Fiscal\u00eda al que se sumaron varias asociaciones de v\u00edctimas. Por \u00faltimo, a finales de marzo, Arnaldo Otegi habr\u00e1 cumplido su condena por integraci\u00f3n en ETA, y aunque de momento ha sido inhabilitado para ejercer cargos p\u00fablicos, con su salida de la c\u00e1rcel se habr\u00e1 completado un ciclo. Entonces, \u00bftodo est\u00e1 bien?<\/p>\n<p class=\"heditor_first\">Las palabras de Munilla de hace un lustro me han venido a la mente al leer unas declaraciones de otra figura de referencia en la sociedad vasca, Joseba Arregi, ex dirigente del PNV, que ha publicado en 2015 \u201cEl terror de ETA. La narrativa de las v\u00edctimas\u201d. Su an\u00e1lisis tiene especial valor, no s\u00f3lo por su rigor sino por provenir de alguien que ha participado en las tareas del gobierno vasco en los a\u00f1os de plomo. M\u00e1s de uno habr\u00e1 pensado que se trata de un aguafiestas por afirmar que la sociedad vasca \u201cnecesita un m\u00ednimo de conciencia\u201d y denunciar que \u201chasta ahora, mira para otro lado, porque ya ha pasado la tormenta y ahora vamos a darnos abrazos y a reconciliarnos\u201d, olvidando que \u201caqu\u00ed se ha dado el verdadero terror\u201d.<\/p>\n<p align=\"justify\">Hay que inclinarse ante el coraje y la libertad de un intelectual que procede del mundo nacionalista y que hoy se atreve a decir desde Ando\u00e1in que \u201cla sociedad vasca no ha vencido a ETA\u2026 han sido los poderes del Estado, las fuerzas de seguridad y media docena de resistentes vascos\u2026 la sociedad vasca ha pasado y no quiere verlo. Bien har\u00eda en mirarse al espejo y preguntarse: \u00bfd\u00f3nde he estado yo?\u201d. Y a la pregunta de la entrevistadora sobre qu\u00e9 suceder\u00eda si la sociedad vasca no realiza esa catarsis, Arregi sentencia: \u201ccreo que no tendremos ning\u00fan futuro en libertad; parecer\u00e1 que somos libres, pero no lo seremos, y seguiremos dejando agujeros que alg\u00fan d\u00eda reventar\u00e1n\u201d.<\/p>\n<p align=\"justify\">En su homil\u00eda de hace cinco a\u00f1os, Munilla sosten\u00eda la necesidad de purificar todas las im\u00e1genes idealizadas o rom\u00e1nticas elaboradas en torno a la violencia, una tarea que el soci\u00f3logo Arregi denuncia que no se ha llevado a cabo. Y es importante, ahora que se elabora una nueva narraci\u00f3n que mezcla \u201ctodas las violencias\u201d, aclarar que el eje central del drama vivido en el Pa\u00eds Vasco ha sido la violencia de ETA, porque se trataba de un terror con un proyecto pol\u00edtico claro. Se ha tratado, como bien disecciona Arregi, de un terror propiamente moderno, que utilizaba la violencia de manera precisa y seleccionada contra determinadas personas y grupos para generar el aislamiento y el miedo de todos los suyos, con vistas a implantar un proyecto hist\u00f3rico-pol\u00edtico basado en una supuesta superioridad moral. Tan horrendo como cierto.<\/p>\n<p align=\"justify\">\u201cLa libertad de conciencia es hoy dif\u00edcil en Euskadi\u201d, sostiene Joseba Arregi. Y bien mirado, tiene su l\u00f3gica, ya que falta la necesaria catarsis, el necesario dolor. Munilla dir\u00eda el saludable arrepentimiento. Como el que experimentaron en su d\u00eda Yoyes o Mario Onaind\u00eda, lo llamaran o no de esta manera. Como el expresado por el socialista y antiguo miembro de ETA Teo Uriarte, cuando reconoce que en los a\u00f1os 70 sacraliz\u00f3 la violencia y pide a los j\u00f3venes que no cometan sus mismos errores.<\/p>\n<p align=\"justify\">La hermosa tierra vasca tiene pendiente una ardua tarea de incierto final, pero reconozcamos que en ella, a trav\u00e9s de un parto especialmente doloroso, han surgido algunas de las voces m\u00e1s libres e interesantes del panorama espa\u00f1ol.<\/p>\n<p align=\"justify\">&nbsp;<\/p>\n","protected":false},"excerpt":{"rendered":"<p>La sociedad vasca tiene que mirarse al espejo, por Jos\u00e9 Luis Rest\u00e1n, director editorial de la Cadena Cope, en P\u00e1ginas Digital del 20\/1\/2016 Hace ahora cinco a\u00f1os, Jos\u00e9 Ignacio Munilla pronunciaba una memorable homil\u00eda en la fiesta de San Sebasti\u00e1n, cuando apenas llevaba un a\u00f1o al frente de la di\u00f3cesis que lleva el mismo nombre &hellip; <a href=\"https:\/\/www.biblia.work\/sermones\/la-sociedad-vasca-tiene-que-mirarse-al-espejo-por-jose-luis-restan\/\" class=\"more-link\">Continuar leyendo<span class=\"screen-reader-text\"> \u00abLa sociedad vasca tiene que mirarse al espejo, por Jos\u00e9 Luis Rest\u00e1n\u00bb<\/span><\/a><\/p>\n","protected":false},"author":1,"featured_media":0,"comment_status":"open","ping_status":"closed","sticky":false,"template":"","format":"standard","meta":{"footnotes":""},"categories":[1],"tags":[],"class_list":["post-35150","post","type-post","status-publish","format-standard","hentry","category-general"],"_links":{"self":[{"href":"https:\/\/www.biblia.work\/sermones\/wp-json\/wp\/v2\/posts\/35150","targetHints":{"allow":["GET"]}}],"collection":[{"href":"https:\/\/www.biblia.work\/sermones\/wp-json\/wp\/v2\/posts"}],"about":[{"href":"https:\/\/www.biblia.work\/sermones\/wp-json\/wp\/v2\/types\/post"}],"author":[{"embeddable":true,"href":"https:\/\/www.biblia.work\/sermones\/wp-json\/wp\/v2\/users\/1"}],"replies":[{"embeddable":true,"href":"https:\/\/www.biblia.work\/sermones\/wp-json\/wp\/v2\/comments?post=35150"}],"version-history":[{"count":0,"href":"https:\/\/www.biblia.work\/sermones\/wp-json\/wp\/v2\/posts\/35150\/revisions"}],"wp:attachment":[{"href":"https:\/\/www.biblia.work\/sermones\/wp-json\/wp\/v2\/media?parent=35150"}],"wp:term":[{"taxonomy":"category","embeddable":true,"href":"https:\/\/www.biblia.work\/sermones\/wp-json\/wp\/v2\/categories?post=35150"},{"taxonomy":"post_tag","embeddable":true,"href":"https:\/\/www.biblia.work\/sermones\/wp-json\/wp\/v2\/tags?post=35150"}],"curies":[{"name":"wp","href":"https:\/\/api.w.org\/{rel}","templated":true}]}}