{"id":35151,"date":"2016-06-21T00:03:08","date_gmt":"2016-06-21T05:03:08","guid":{"rendered":"http:\/\/www.biblia.work\/sermones\/el-impacto-del-papa-francisco\/"},"modified":"2016-06-21T00:03:08","modified_gmt":"2016-06-21T05:03:08","slug":"el-impacto-del-papa-francisco","status":"publish","type":"post","link":"https:\/\/www.biblia.work\/sermones\/el-impacto-del-papa-francisco\/","title":{"rendered":"El impacto del Papa Francisco"},"content":{"rendered":"<p align=\"justify\">El impacto del Papa Francisco,\u00a0 por\u00a0 Jos\u00e9 Luis Ch\u00e1vez Botello, arzobispo de Antequera-Oaxaca (M\u00e9xico)<\/p>\n<p align=\"justify\">\u00bfPor qu\u00e9 la atracci\u00f3n y el impacto del Papa Francisco?. En medio de oscuridad, deseamos la luz; en momentos de duda y de confusi\u00f3n, apreciamos la orientaci\u00f3n; en la enfermedad y necesidades, anhelamos salud y solidaridad, en momentos de tristeza, valoramos el consuelo y la compa\u00f1\u00eda. <\/p>\n<p align=\"justify\">El coraz\u00f3n humano siempre necesita alimentarse del bien, de amor, de verdad y de unidad; cuando una persona cultiva estos valores fundamentales, de manera clara y sencilla en todo lo que dice y hace, atrae como luz, abre perspectivas, ensancha el esp\u00edritu y motiva a caminar.<\/p>\n<p align=\"justify\">El Papa Francisco en sus relaciones y vida cotidiana transmite serenidad y paz, calidez, afecto, cercan\u00eda; vive cada d\u00eda la sencillez, austeridad, verdad; algunas expresiones de su atracci\u00f3n son su alegr\u00eda, su apertura y espontaneidad, su sensibilidad ante el dolor y sufrimiento de personas concretas, ante los ni\u00f1os y ancianos; su reacci\u00f3n valiente ante las injusticias y la hipocres\u00eda. Como cristiano es palpable su vida de oraci\u00f3n, su relaci\u00f3n con la palabra de Dios y los sacramentos. No olvida sus ra\u00edces sino que las tiene presente con gratitud y aprecio. Son expresiones de madurez humana y cristiana.<\/p>\n<p align=\"justify\">Esta madurez humana y cristiana encarnada, no es fruto de la casualidad; es resultado de los cimientos de una educaci\u00f3n integral que alimenta la mente, el esp\u00edritu y el coraz\u00f3n; de estudios s\u00f3lidos para aprender a reflexionar y discernir lo que conviene y se debe hacer en las variadas situaciones que siempre presenta la vida; es fruto de una espiritualidad que, en el esfuerzo diario, mueve a luchar contra el mal y hacer vida los valores evang\u00e9licos. Es la disciplina de marcarse un ideal o proyecto de vida que fortalece desde el coraz\u00f3n y capacita para afrontar desaf\u00edos y emprender obras grandes.<\/p>\n<p align=\"justify\">Las personas que logran esta calidad humana rebasan las fronteras de raza, cultura, credo y de su tiempo; son reconocidas y admiradas porque muestran en su vida la dignidad y grandeza de la vida humana, nos centran en lo m\u00e1s importante y valioso de toda persona por lo que debemos luchar; son personas concretas que inspiran y mueven al bien com\u00fan como Ghandi, Luther king, Mandela, la beata Teresa de Calcuta o Malala entre otros; respondieron a situaciones concretas con su vida. La calidad humana y la calidad de la fe nunca pueden separarse, se atraen y se alimentan mutuamente, unen.<\/p>\n<p align=\"justify\">He escuchado que el Papa Francisco ya rebas\u00f3 la estructura de la Iglesia; \u00bfpor qu\u00e9?; sin duda porque su vida y su palabra tocan lo fundamental y com\u00fan a toda persona, aporta algo que la humanidad necesita hoy; de all\u00ed su atracci\u00f3n y grande autoridad en todos los rincones, razas, clases sociales y religiones. De aqu\u00ed la expectativa y grande esperanza por su visita a M\u00e9xico; su mensaje, desde las celebraciones y variados encuentros, unidos a signos y gestos que lo caracterizan, ser\u00e1n como roc\u00edo que transmite paz al coraz\u00f3n y mueve a vencer la indiferencia para erradicar la violencia, medicina para atender enfermedades sociales, fuerza para luchar contra el mal que nos da\u00f1a.<\/p>\n<p align=\"justify\">Los encuentros con ind\u00edgenas, familias, j\u00f3venes, migrantes, sacerdotes y religiosas, son muestra de la prioridad del pastor. Estas celebraciones y encuentros del Papa ser\u00e1n seguidos por millones de hombres y mujeres, cat\u00f3licos y no cat\u00f3licos de M\u00e9xico y del mundo, porque saben que podr\u00e1n recibir alimento nutritivo para su vida: una palabra de afecto y de esperanza que caldee el coraz\u00f3n, nos centre en lo fundamental de la vida y nos estimule a construir la familia humana. Nos urge en M\u00e9xico una reforma social integral que propicie el surgimiento de hombres y mujeres maduros y de calidad humana.<\/p>\n<p align=\"justify\">Con mi saludo y bendici\u00f3n para todos.<\/p>\n<p align=\"justify\">Enero 17 de 2016.<\/p>\n","protected":false},"excerpt":{"rendered":"<p>El impacto del Papa Francisco,\u00a0 por\u00a0 Jos\u00e9 Luis Ch\u00e1vez Botello, arzobispo de Antequera-Oaxaca (M\u00e9xico) \u00bfPor qu\u00e9 la atracci\u00f3n y el impacto del Papa Francisco?. En medio de oscuridad, deseamos la luz; en momentos de duda y de confusi\u00f3n, apreciamos la orientaci\u00f3n; en la enfermedad y necesidades, anhelamos salud y solidaridad, en momentos de tristeza, valoramos &hellip; <a href=\"https:\/\/www.biblia.work\/sermones\/el-impacto-del-papa-francisco\/\" class=\"more-link\">Continuar leyendo<span class=\"screen-reader-text\"> \u00abEl impacto del Papa Francisco\u00bb<\/span><\/a><\/p>\n","protected":false},"author":1,"featured_media":0,"comment_status":"open","ping_status":"closed","sticky":false,"template":"","format":"standard","meta":{"footnotes":""},"categories":[1],"tags":[],"class_list":["post-35151","post","type-post","status-publish","format-standard","hentry","category-general"],"_links":{"self":[{"href":"https:\/\/www.biblia.work\/sermones\/wp-json\/wp\/v2\/posts\/35151","targetHints":{"allow":["GET"]}}],"collection":[{"href":"https:\/\/www.biblia.work\/sermones\/wp-json\/wp\/v2\/posts"}],"about":[{"href":"https:\/\/www.biblia.work\/sermones\/wp-json\/wp\/v2\/types\/post"}],"author":[{"embeddable":true,"href":"https:\/\/www.biblia.work\/sermones\/wp-json\/wp\/v2\/users\/1"}],"replies":[{"embeddable":true,"href":"https:\/\/www.biblia.work\/sermones\/wp-json\/wp\/v2\/comments?post=35151"}],"version-history":[{"count":0,"href":"https:\/\/www.biblia.work\/sermones\/wp-json\/wp\/v2\/posts\/35151\/revisions"}],"wp:attachment":[{"href":"https:\/\/www.biblia.work\/sermones\/wp-json\/wp\/v2\/media?parent=35151"}],"wp:term":[{"taxonomy":"category","embeddable":true,"href":"https:\/\/www.biblia.work\/sermones\/wp-json\/wp\/v2\/categories?post=35151"},{"taxonomy":"post_tag","embeddable":true,"href":"https:\/\/www.biblia.work\/sermones\/wp-json\/wp\/v2\/tags?post=35151"}],"curies":[{"name":"wp","href":"https:\/\/api.w.org\/{rel}","templated":true}]}}