{"id":35152,"date":"2016-06-21T00:03:11","date_gmt":"2016-06-21T05:03:11","guid":{"rendered":"http:\/\/www.biblia.work\/sermones\/el-empeno-ecumenico-por-jose-roman-flecha-andres-en-diario-de-leon-23-1-2016\/"},"modified":"2016-06-21T00:03:11","modified_gmt":"2016-06-21T05:03:11","slug":"el-empeno-ecumenico-por-jose-roman-flecha-andres-en-diario-de-leon-23-1-2016","status":"publish","type":"post","link":"https:\/\/www.biblia.work\/sermones\/el-empeno-ecumenico-por-jose-roman-flecha-andres-en-diario-de-leon-23-1-2016\/","title":{"rendered":"El empe\u00f1o ecum\u00e9nico, por Jos\u00e9-Rom\u00e1n Flecha Andr\u00e9s, en Diario de Le\u00f3n (23-1-2016)"},"content":{"rendered":"<p style=\"text-align: justify;\">\n<p style=\"text-align: justify;\"><strong>El empe\u00f1o ecum\u00e9nico, por Jos\u00e9-Rom\u00e1n Flecha Andr\u00e9s, en Diario de Le\u00f3n (23-1-2016)<\/strong><\/p>\n<p style=\"text-align: justify;\">\u201cEl empe\u00f1o ecum\u00e9nico responde a la oraci\u00f3n del Se\u00f1or Jes\u00fas que pide \u00abque todos sean uno\u00bb (Jn 17,21)\u201d. As\u00ed se expresa el Papa Francisco en su exhortaci\u00f3n apost\u00f3lica \u201cLa alegr\u00eda del Evangelio\u201d. No es ocioso recordar este mensaje con motivo del octavario de oraciones por la uni\u00f3n de los cristianos, que se celebra entre el 18 y 25 de enero. En el texto del Papa sobresalen algunas ideas que no deber\u00edamos olvidar: <\/p>\n<p style=\"text-align: justify;\">\u2022 \u201cLa credibilidad del anuncio cristiano ser\u00eda mucho mayor si los cristianos superaran sus divisiones y la Iglesia realizara la plenitud de catolicidad que le es propia\u201d. Es dif\u00edcil escuchar la exhortaci\u00f3n a la unidad cuando los predicadores aparecen desunidos.<\/p>\n<p style=\"text-align: justify;\">\u2022 \u201cTenemos que recordar siempre que somos peregrinos, y peregrinamos juntos. Para eso, hay que confiar el coraz\u00f3n al compa\u00f1ero de camino sin recelos, sin desconfianzas, y mirar ante todo lo que buscamos: la paz en el rostro del \u00fanico Dios\u201d (EG 244). He ah\u00ed dos actitudes que hay que olvidar y una que ha de orientar nuestro camino.<\/p>\n<p style=\"text-align: justify;\">\u2022 \u201cEl ecumenismo es un aporte a la unidad de la familia humana\u201d (EG 245). Por tanto, el deseo de la uni\u00f3n no es una cuesti\u00f3n que solo importa a la Iglesia. Toda la humanidad ganar\u00eda en concordia y en colaboraci\u00f3n si los creyentes vivi\u00e9ramos m\u00e1s unidos. <\/p>\n<p style=\"text-align: justify;\">\u2022 \u201cLa inmensa multitud que no ha acogido el anuncio de Jesucristo no puede dejarnos indiferentes. Por lo tanto, el empe\u00f1o por una unidad que facilite la acogida de Jesucristo deja de ser mera diplomacia o cumplimiento forzado, para convertirse en un camino ineludible de la evangelizaci\u00f3n\u201d. <\/p>\n<p style=\"text-align: justify;\">\u2022 \u201cLos signos de divisi\u00f3n entre los cristianos en pa\u00edses que ya est\u00e1n destrozados por la violencia agregan m\u00e1s motivos de conflicto por parte de quienes deber\u00edamos ser un atractivo fermento de paz\u201d. No es verdad que las religiones sean la causa de las guerras. Pero s\u00ed es verdad que la uni\u00f3n de las religiones puede acelerar la paz entre los grupos sociales, entre las etnias y entre los pueblos. <\/p>\n<p style=\"text-align: justify;\">\u2022 \u201c\u00a1Son tantas y tan valiosas las cosas que nos unen! Si realmente creemos en la libre y generosa acci\u00f3n del Esp\u00edritu, \u00a1cu\u00e1ntas cosas podemos aprender unos de otros! No se trata s\u00f3lo de recibir informaci\u00f3n sobre los dem\u00e1s para conocerlos mejor, sino de recoger lo que el Esp\u00edritu ha sembrado en ellos como un don tambi\u00e9n para nosotros\u201d. La uni\u00f3n requiere informaci\u00f3n. Pero exige una comprensi\u00f3n mutua y una colaboraci\u00f3n generosa.<\/p>\n<p style=\"text-align: justify;\">\u2022 \u201cA trav\u00e9s de un intercambio de dones, el Esp\u00edritu puede llevarnos cada vez m\u00e1s a la verdad y al bien\u201d. (EG 246). Es esta la afirmaci\u00f3n m\u00e1s importante desde el punto de vista de la fe. Nuestros dones y carismas no son un privilegio excluyente. Nos han sido dados gratuitamente para que podamos dar testimonio del amor y de la misericordia de Dios.<\/p>\n<p style=\"text-align: justify;\">La desuni\u00f3n de los cristianos es un esc\u00e1ndalo para el mundo. Que estas ideas del Papa Francisco iluminen nuestra oraci\u00f3n por la uni\u00f3n de todos los que deseamos seguir a Jesucristo.<\/p>\n<p style=\"text-align: justify;\">Jos\u00e9-Rom\u00e1n Flecha Andr\u00e9s<\/p>\n","protected":false},"excerpt":{"rendered":"<p>El empe\u00f1o ecum\u00e9nico, por Jos\u00e9-Rom\u00e1n Flecha Andr\u00e9s, en Diario de Le\u00f3n (23-1-2016) \u201cEl empe\u00f1o ecum\u00e9nico responde a la oraci\u00f3n del Se\u00f1or Jes\u00fas que pide \u00abque todos sean uno\u00bb (Jn 17,21)\u201d. As\u00ed se expresa el Papa Francisco en su exhortaci\u00f3n apost\u00f3lica \u201cLa alegr\u00eda del Evangelio\u201d. No es ocioso recordar este mensaje con motivo del octavario de &hellip; <a href=\"https:\/\/www.biblia.work\/sermones\/el-empeno-ecumenico-por-jose-roman-flecha-andres-en-diario-de-leon-23-1-2016\/\" class=\"more-link\">Continuar leyendo<span class=\"screen-reader-text\"> \u00abEl empe\u00f1o ecum\u00e9nico, por Jos\u00e9-Rom\u00e1n Flecha Andr\u00e9s, en Diario de Le\u00f3n (23-1-2016)\u00bb<\/span><\/a><\/p>\n","protected":false},"author":1,"featured_media":0,"comment_status":"open","ping_status":"closed","sticky":false,"template":"","format":"standard","meta":{"footnotes":""},"categories":[1],"tags":[],"class_list":["post-35152","post","type-post","status-publish","format-standard","hentry","category-general"],"_links":{"self":[{"href":"https:\/\/www.biblia.work\/sermones\/wp-json\/wp\/v2\/posts\/35152","targetHints":{"allow":["GET"]}}],"collection":[{"href":"https:\/\/www.biblia.work\/sermones\/wp-json\/wp\/v2\/posts"}],"about":[{"href":"https:\/\/www.biblia.work\/sermones\/wp-json\/wp\/v2\/types\/post"}],"author":[{"embeddable":true,"href":"https:\/\/www.biblia.work\/sermones\/wp-json\/wp\/v2\/users\/1"}],"replies":[{"embeddable":true,"href":"https:\/\/www.biblia.work\/sermones\/wp-json\/wp\/v2\/comments?post=35152"}],"version-history":[{"count":0,"href":"https:\/\/www.biblia.work\/sermones\/wp-json\/wp\/v2\/posts\/35152\/revisions"}],"wp:attachment":[{"href":"https:\/\/www.biblia.work\/sermones\/wp-json\/wp\/v2\/media?parent=35152"}],"wp:term":[{"taxonomy":"category","embeddable":true,"href":"https:\/\/www.biblia.work\/sermones\/wp-json\/wp\/v2\/categories?post=35152"},{"taxonomy":"post_tag","embeddable":true,"href":"https:\/\/www.biblia.work\/sermones\/wp-json\/wp\/v2\/tags?post=35152"}],"curies":[{"name":"wp","href":"https:\/\/api.w.org\/{rel}","templated":true}]}}