{"id":35154,"date":"2016-06-21T00:03:26","date_gmt":"2016-06-21T05:03:26","guid":{"rendered":"http:\/\/www.biblia.work\/sermones\/encuentro-con-el-cardenal-loris-capovilla\/"},"modified":"2016-06-21T00:03:26","modified_gmt":"2016-06-21T05:03:26","slug":"encuentro-con-el-cardenal-loris-capovilla","status":"publish","type":"post","link":"https:\/\/www.biblia.work\/sermones\/encuentro-con-el-cardenal-loris-capovilla\/","title":{"rendered":"Encuentro con el cardenal Loris Capovilla"},"content":{"rendered":"<p style=\"text-align: justify;\"><strong>Encuentro con el cardenal Loris Capovilla<\/strong><\/p>\n<p style=\"text-align: justify;\"><strong>(Viernes 12 enero 2016)<\/strong><\/p>\n<p style=\"text-align: justify;\"><strong>\u00a0<\/strong>Hoy he tenido la inmensa fortuna de visitar de nuevo a mi amigo el cardenal <strong>Loris Capovilla<\/strong>, que fue secretario particular del querido papa san Juan XXIII.<\/p>\n<p style=\"text-align: justify;\">El cardenal, de 100 a\u00f1os de edad, se conserva lucid\u00edsimo. Vive en Sotto il Monte (B\u00e9rgamo, Italia), en la casa que fue del papa Juan.<\/p>\n<p style=\"text-align: justify;\">Me ha recibido tan entra\u00f1ablemente como siempre, con dos besos y un fuerte y prolongado abrazo, expresando un cari\u00f1o m\u00e1s all\u00e1 de cualquier merecimiento por mi parte. Hemos charlado de Espa\u00f1a, de la fe, de la necesidad de transmitir mensajes positivos, de la universalidad de la redenci\u00f3n (tambi\u00e9n un ateo es hijo de Dios), de la centralidad del amor. Me ha regalado recuerdos y publicaciones. Y ha expresado de mil modos la alegr\u00eda por encontrarme.<\/p>\n<p style=\"text-align: justify;\">Al despedirme ha insistido en que nos hici\u00e9ramos una foto. Y, siempre, su mano sobre mi mano.<\/p>\n<p style=\"text-align: justify;\">Luego me he arrodillado y le he pedido su bendici\u00f3n, que me ha dado con palabras emocionantes y de una gran belleza: a m\u00ed, a mis seres queridos, a los agustinos y, tambi\u00e9n (y es de agradecer), a los espa\u00f1oles.<\/p>\n<p style=\"text-align: justify;\">Querido don Loris, padre y hermano. Gracias por el regalo de su amistad. Rece por m\u00ed. Y que el Se\u00f1or nos lo conserve muchos a\u00f1os. Espero que pronto nos volvamos a ver. Gracias de coraz\u00f3n.<\/p>\n<p style=\"text-align: justify;\">Padre Luis Mar\u00edn de San Mart\u00edn<\/p>\n","protected":false},"excerpt":{"rendered":"<p>Encuentro con el cardenal Loris Capovilla (Viernes 12 enero 2016) \u00a0Hoy he tenido la inmensa fortuna de visitar de nuevo a mi amigo el cardenal Loris Capovilla, que fue secretario particular del querido papa san Juan XXIII. El cardenal, de 100 a\u00f1os de edad, se conserva lucid\u00edsimo. Vive en Sotto il Monte (B\u00e9rgamo, Italia), en &hellip; <a href=\"https:\/\/www.biblia.work\/sermones\/encuentro-con-el-cardenal-loris-capovilla\/\" class=\"more-link\">Continuar leyendo<span class=\"screen-reader-text\"> \u00abEncuentro con el cardenal Loris Capovilla\u00bb<\/span><\/a><\/p>\n","protected":false},"author":1,"featured_media":0,"comment_status":"open","ping_status":"closed","sticky":false,"template":"","format":"standard","meta":{"footnotes":""},"categories":[1],"tags":[],"class_list":["post-35154","post","type-post","status-publish","format-standard","hentry","category-general"],"_links":{"self":[{"href":"https:\/\/www.biblia.work\/sermones\/wp-json\/wp\/v2\/posts\/35154","targetHints":{"allow":["GET"]}}],"collection":[{"href":"https:\/\/www.biblia.work\/sermones\/wp-json\/wp\/v2\/posts"}],"about":[{"href":"https:\/\/www.biblia.work\/sermones\/wp-json\/wp\/v2\/types\/post"}],"author":[{"embeddable":true,"href":"https:\/\/www.biblia.work\/sermones\/wp-json\/wp\/v2\/users\/1"}],"replies":[{"embeddable":true,"href":"https:\/\/www.biblia.work\/sermones\/wp-json\/wp\/v2\/comments?post=35154"}],"version-history":[{"count":0,"href":"https:\/\/www.biblia.work\/sermones\/wp-json\/wp\/v2\/posts\/35154\/revisions"}],"wp:attachment":[{"href":"https:\/\/www.biblia.work\/sermones\/wp-json\/wp\/v2\/media?parent=35154"}],"wp:term":[{"taxonomy":"category","embeddable":true,"href":"https:\/\/www.biblia.work\/sermones\/wp-json\/wp\/v2\/categories?post=35154"},{"taxonomy":"post_tag","embeddable":true,"href":"https:\/\/www.biblia.work\/sermones\/wp-json\/wp\/v2\/tags?post=35154"}],"curies":[{"name":"wp","href":"https:\/\/api.w.org\/{rel}","templated":true}]}}