{"id":35155,"date":"2016-06-21T00:03:29","date_gmt":"2016-06-21T05:03:29","guid":{"rendered":"http:\/\/www.biblia.work\/sermones\/la-vida-publica-exige-ejemplaridad-legalidad-y-responsabilidad-editorial-ecclesia\/"},"modified":"2016-06-21T00:03:29","modified_gmt":"2016-06-21T05:03:29","slug":"la-vida-publica-exige-ejemplaridad-legalidad-y-responsabilidad-editorial-ecclesia","status":"publish","type":"post","link":"https:\/\/www.biblia.work\/sermones\/la-vida-publica-exige-ejemplaridad-legalidad-y-responsabilidad-editorial-ecclesia\/","title":{"rendered":"La vida p\u00fablica exige ejemplaridad, legalidad y responsabilidad \u2013 editorial ECCLESIA"},"content":{"rendered":"<p align=\"justify\"><strong>La vida p\u00fablica exige ejemplaridad, legalidad y responsabilidad \u2013 editorial ECCLESIA<\/strong><\/p>\n<p align=\"justify\">La vida pol\u00edtica en Espa\u00f1a, como era de prever tras los resultados de las elecciones generales del pasado 20 de diciembre, vive horas y d\u00edas de incertidumbres y hasta perplejidades. \u00a0En Catalu\u00f1a, el 10 de enero se eligi\u00f3 nuevo presidente de la Generalitat \u2013el convergente Carles Puidgdemont, hasta ahora alcalde de Girona, ocupa ya el cargo en sustituci\u00f3n de Artur Mas-, y tampoco el panorama\u00a0 resulta demasiado halag\u00fce\u00f1o. El 13 de enero, por otro lado, quedaron constituidas las Cortes Generales de Espa\u00f1a -Congreso de los Diputados y Senado- y alguna que otra sensaci\u00f3n agridulce acompa\u00f1\u00f3 asimismo la jornada.<\/p>\n<p align=\"justify\">Fuera ya de lo estrictamente pol\u00edtico, el lunes 11 de enero comenz\u00f3 en Palma de Mallorca el juicio del caso N\u00f3os, la conocida presunta trama de corrupci\u00f3n, que sienta en el banquillo a la hija menor del anterior Rey de Espa\u00f1a, hermana, pues, del actual. Y a lo largo de 2016, llegar\u00e1 la hora de la Justicia para otros destacados \u00a0procesos contra la lacra de la corrupci\u00f3n. Y bueno es que las responsabilidades se diriman ante los Tribunales, se esclarezca la verdad, se dicten sentencias justas y, en la medida de lo posible, se pueda reintegrar al erario p\u00fablico \u2013y privado, si corresponde- lo a \u00e9l indebida y vergonzosamente sustra\u00eddo o el lucro dolosa e ilegalmente logrado.<\/p>\n<p align=\"justify\">En relaci\u00f3n con este mismo tema, habida cuenta de su repercusi\u00f3n social y su relevancia institucional, bueno ser\u00e1 recordar las palabras que don Juan Carlos I pronunci\u00f3 en uno de sus \u00faltimos discursos de\u00a0 Navidad: &#8220;Necesitamos ejemplaridad, seriedad y rigor en todos los sentidos. Todos, sobre todo las personas con responsabilidades p\u00fablicas, tenemos el deber de observar un comportamiento adecuado, un comportamiento ejemplar\u201d. Y es que, adem\u00e1s, la Justicia \u2013como igualmente subray\u00f3 entonces el ahora monarca em\u00e9rito- ha de ser igual para todos. \u00a0Debemos, pues, dejar hablar a la Justicia \u2013evitando presiones indebidas y juicios paralelos, tan destructivos y tantas veces precipitados e injustos- y esperar y desear que la Justicia sea, s\u00ed, justa.<\/p>\n<p align=\"justify\">En medio de todo, emerge, a nuestro juicio, una triple necesidad, que es obligaci\u00f3n. La primera, s\u00ed, es la ejemplaridad. Si a todas las personas se nos debe exigir un comportamiento adecuado, esto obliga a\u00fan m\u00e1s a quienes, por las razones que sean \u2013cargo, elecci\u00f3n, designaci\u00f3n, cuna, historia, consagraci\u00f3n,\u2026- prestan un servicio p\u00fablico y para el que se les dota de medios y de posibilidades especiales. La ejemplaridad en la vida p\u00fablica no puede ser un plus; es \u2013repit\u00e1moslo- un deber.<\/p>\n<p align=\"justify\">La segunda de estas necesidades es el cumplimiento de la legalidad vigente. No puede haber salida a nuestros problemas y a nuestras reivindicaciones fuera de la ley, que, en el caso concreto de Espa\u00f1a, la marca la Constituci\u00f3n de 1978, un texto que, por supuesto puede ser reformado, como todo en la vida, pero\u00a0 cuya reforma debe hacerse desde la ley y debe hacerse desde el di\u00e1logo, el encuentro y el consenso entre las distintas formaciones pol\u00edticas parlamentarias, los agentes sociales y el verdadero sentir de la ciudadan\u00eda, de quien nadie \u2013la ciudadan\u00eda- es due\u00f1a ni portavoz \u00a0en exclusividad.<\/p>\n<p align=\"justify\">Legalidad es tambi\u00e9n ajustarse a las formas y a los modos que la ley, en el rango que corresponda, establece y estipula.\u00a0 Y las formas, tanto en la vida privada como, y sobre todo, en la vida p\u00fablica, importan y su quebranto puede poner en entredicho la reci\u00e9n invocada y precisa ejemplaridad. Por ello, creemos que, independientemente de lo que determinen los servicios jur\u00eddicos del Estado al respecto, la f\u00f3rmula de juramento o de promesa a la hora de tomar posesi\u00f3n de un cargo debe omitir la aut\u00e9ntica \u201cpanoplia\u201d de discursos y soflamas que hemos escuchado estos d\u00edas tanto en Catalu\u00f1a como en el Congreso y en el Senado. La libertad de expresi\u00f3n no est\u00e1 re\u00f1ida con la formalidad y el respeto a lo prescrito. Los m\u00edtines son para otros momentos.<\/p>\n<p align=\"justify\">Por \u00faltimo, Espa\u00f1a demanda, apremia responsabilidad (ecclesia, n\u00famero 3.810, p\u00e1gina 5). Una responsabilidad incrementada para no poner en riesgo la recuperaci\u00f3n econ\u00f3mica; una responsabilidad que se ajuste a los resultados del 20-D, en su real y completa aritm\u00e9tica; una responsabilidad que ponga el bien com\u00fan del Estado por encima de los intereses partidistas y personalistas; una responsabilidad que se traduzca en di\u00e1logo verdadero con todos y entre todos y a no crear ni exclusiones sistem\u00e1ticas, ni pol\u00edticas revanchistas y frentistas.<\/p>\n<p align=\"justify\">\n<p align=\"justify\">&nbsp;<\/p>\n","protected":false},"excerpt":{"rendered":"<p>La vida p\u00fablica exige ejemplaridad, legalidad y responsabilidad \u2013 editorial ECCLESIA La vida pol\u00edtica en Espa\u00f1a, como era de prever tras los resultados de las elecciones generales del pasado 20 de diciembre, vive horas y d\u00edas de incertidumbres y hasta perplejidades. \u00a0En Catalu\u00f1a, el 10 de enero se eligi\u00f3 nuevo presidente de la Generalitat \u2013el &hellip; <a href=\"https:\/\/www.biblia.work\/sermones\/la-vida-publica-exige-ejemplaridad-legalidad-y-responsabilidad-editorial-ecclesia\/\" class=\"more-link\">Continuar leyendo<span class=\"screen-reader-text\"> \u00abLa vida p\u00fablica exige ejemplaridad, legalidad y responsabilidad \u2013 editorial ECCLESIA\u00bb<\/span><\/a><\/p>\n","protected":false},"author":1,"featured_media":0,"comment_status":"open","ping_status":"closed","sticky":false,"template":"","format":"standard","meta":{"footnotes":""},"categories":[1],"tags":[],"class_list":["post-35155","post","type-post","status-publish","format-standard","hentry","category-general"],"_links":{"self":[{"href":"https:\/\/www.biblia.work\/sermones\/wp-json\/wp\/v2\/posts\/35155","targetHints":{"allow":["GET"]}}],"collection":[{"href":"https:\/\/www.biblia.work\/sermones\/wp-json\/wp\/v2\/posts"}],"about":[{"href":"https:\/\/www.biblia.work\/sermones\/wp-json\/wp\/v2\/types\/post"}],"author":[{"embeddable":true,"href":"https:\/\/www.biblia.work\/sermones\/wp-json\/wp\/v2\/users\/1"}],"replies":[{"embeddable":true,"href":"https:\/\/www.biblia.work\/sermones\/wp-json\/wp\/v2\/comments?post=35155"}],"version-history":[{"count":0,"href":"https:\/\/www.biblia.work\/sermones\/wp-json\/wp\/v2\/posts\/35155\/revisions"}],"wp:attachment":[{"href":"https:\/\/www.biblia.work\/sermones\/wp-json\/wp\/v2\/media?parent=35155"}],"wp:term":[{"taxonomy":"category","embeddable":true,"href":"https:\/\/www.biblia.work\/sermones\/wp-json\/wp\/v2\/categories?post=35155"},{"taxonomy":"post_tag","embeddable":true,"href":"https:\/\/www.biblia.work\/sermones\/wp-json\/wp\/v2\/tags?post=35155"}],"curies":[{"name":"wp","href":"https:\/\/api.w.org\/{rel}","templated":true}]}}