{"id":35161,"date":"2016-06-21T00:04:00","date_gmt":"2016-06-21T05:04:00","guid":{"rendered":"http:\/\/www.biblia.work\/sermones\/carta-desde-el-monasterio-cisterciense-madre-de-dios-de-buenafuente-del-sistal-para-enero-de-2016\/"},"modified":"2016-06-21T00:04:00","modified_gmt":"2016-06-21T05:04:00","slug":"carta-desde-el-monasterio-cisterciense-madre-de-dios-de-buenafuente-del-sistal-para-enero-de-2016","status":"publish","type":"post","link":"https:\/\/www.biblia.work\/sermones\/carta-desde-el-monasterio-cisterciense-madre-de-dios-de-buenafuente-del-sistal-para-enero-de-2016\/","title":{"rendered":"Carta desde el Monasterio Cisterciense Madre de Dios de Buenafuente del Sistal para enero de 2016"},"content":{"rendered":"<p style=\"text-align: justify;\" align=\"JUSTIFY\"><strong>Carta desde el Monasterio Cisterciense Madre de Dios de Buenafuente del Sistal para enero de 2016<\/strong><\/p>\n<p style=\"text-align: justify;\" align=\"JUSTIFY\">Buenas tardes, queridos hermanos y amigos en el Se\u00f1or: \u201cEl pueblo que habitaba en tinieblas ha visto una gran Luz\u201d (Is 9,2); ese pueblo somos nosotros. S\u00ed, \u201cHermanos, Dios ha nacido sobre un pesebre. Aleluya. Hermanos cantad conmigo: Gloria a Dios en las alturas\u201d (Carmen Ca\u00f1ada). Resuena en nuestro coraz\u00f3n el eco agradecido de los villancicos, y as\u00ed deseamos que resuene todos los d\u00edas del a\u00f1o y en cada acontecimiento.<\/p>\n<p style=\"text-align: justify;\" align=\"JUSTIFY\">Esta tarde, solo podemos compartir con todos vosotros el gozo del nacimiento de nuestro Salvador, que ha inundado de alegr\u00eda y luz nuestra casa y nuestro coraz\u00f3n. La sabidur\u00eda de la Iglesia nos concede expresar este regocijo en la liturgia de todos los d\u00edas, en el c\u00e1ntico de Completas con las palabras de Sime\u00f3n: \u201cLuz para alumbrar a las naciones y gloria de tu pueblo Israel\u201d (Lc 2, 32). <\/p>\n<p style=\"text-align: justify;\" align=\"JUSTIFY\">Esta gran satisfacci\u00f3n y j\u00fabilo es desbordante desde nuestra realidad de pobreza y debilidad, pues experimentamos sin cesar que frente a nuestra infidelidad, la respuesta de Dios Padre es la <b>Misericordia<\/b> que, como dice el Papa Francisco en la bula, <b>es el actuar de Dios hacia nosotros<\/b>. <\/p>\n<p style=\"text-align: justify;\" align=\"JUSTIFY\">Esta emoci\u00f3n, descrita con palabras del evangelista san Juan -\u201cDios es Luz sin tiniebla alguna\u201d (1\u00aa Jn 1,5)- y con las del Papa Francisco -\u201cJes\u00fas es el rostro de la misericordia del Padre\u201d (MV 1)-, nos han producido un gran anhelo en el coraz\u00f3n; por una parte, el deseo de explorar la bula Misericordiae Vultus, y a la vez tener muy presentes estas palabras del Papa en la oraci\u00f3n, pedir al Se\u00f1or su gracia, ya que \u201ctambi\u00e9n la misericordia es una meta por alcanzar que requiere compromiso y sacrificio\u201d (MV 14). Con estas inquietudes, hemos escuchado las palabras del Abad General de la orden en su felicitaci\u00f3n de Navidad: \u201cLa <b>reconciliaci\u00f3n<\/b> <b>es,<\/b> en el fondo, la \u00fanica <b>exigencia de la misericordia de Dios<\/b>, el \u00fanico \u201cprecio\u201d de la gracia infinita del Padre.\u201d Que es lo mismo que decimos en la oraci\u00f3n que Jes\u00fas nos ha ense\u00f1ado: \u201cPerdona nuestras ofensas como tambi\u00e9n nosotros perdonamos a los que nos ofenden\u201d.<\/p>\n<p style=\"text-align: justify;\" align=\"JUSTIFY\">En esta tensi\u00f3n de vivir en la voluntad de Dios, nos consuelan las palabras del profeta: \u201cComo bajan la lluvia y la nieve del cielo, y no vuelven all\u00e1 sino despu\u00e9s de empapar la tierra, de fecundarla y hacerla germinar, para que d\u00e9 semilla al sembrador y pan al que come, as\u00ed ser\u00e1 mi palabra, que sale de mi boca: no volver\u00e1 a m\u00ed vac\u00eda, sino que har\u00e1 mi voluntad y cumplir\u00e1 mi encargo.\u201d (Is 55, 10-11). Nos consuelan y nos animan, al igual que esta expresi\u00f3n de la Regla de san Benito: \u201c<b>\u00a1Jam\u00e1s desesperar de la misericordia de Dios!<\/b>\u201d(RSB 4, 74). <\/p>\n<p style=\"text-align: justify;\" align=\"RIGHT\"><b>Unidos en oraci\u00f3n, que el Se\u00f1or nos conceda ser instrumentos de su Misericordia<\/b><\/p>\n<p style=\"text-align: justify;\" align=\"RIGHT\"> <b>vuestras hermanas de Buenafuente del Sistal<\/b><\/p>\n","protected":false},"excerpt":{"rendered":"<p>Carta desde el Monasterio Cisterciense Madre de Dios de Buenafuente del Sistal para enero de 2016 Buenas tardes, queridos hermanos y amigos en el Se\u00f1or: \u201cEl pueblo que habitaba en tinieblas ha visto una gran Luz\u201d (Is 9,2); ese pueblo somos nosotros. S\u00ed, \u201cHermanos, Dios ha nacido sobre un pesebre. Aleluya. Hermanos cantad conmigo: Gloria &hellip; <a href=\"https:\/\/www.biblia.work\/sermones\/carta-desde-el-monasterio-cisterciense-madre-de-dios-de-buenafuente-del-sistal-para-enero-de-2016\/\" class=\"more-link\">Continuar leyendo<span class=\"screen-reader-text\"> \u00abCarta desde el Monasterio Cisterciense Madre de Dios de Buenafuente del Sistal para enero de 2016\u00bb<\/span><\/a><\/p>\n","protected":false},"author":1,"featured_media":0,"comment_status":"open","ping_status":"closed","sticky":false,"template":"","format":"standard","meta":{"footnotes":""},"categories":[1],"tags":[],"class_list":["post-35161","post","type-post","status-publish","format-standard","hentry","category-general"],"_links":{"self":[{"href":"https:\/\/www.biblia.work\/sermones\/wp-json\/wp\/v2\/posts\/35161","targetHints":{"allow":["GET"]}}],"collection":[{"href":"https:\/\/www.biblia.work\/sermones\/wp-json\/wp\/v2\/posts"}],"about":[{"href":"https:\/\/www.biblia.work\/sermones\/wp-json\/wp\/v2\/types\/post"}],"author":[{"embeddable":true,"href":"https:\/\/www.biblia.work\/sermones\/wp-json\/wp\/v2\/users\/1"}],"replies":[{"embeddable":true,"href":"https:\/\/www.biblia.work\/sermones\/wp-json\/wp\/v2\/comments?post=35161"}],"version-history":[{"count":0,"href":"https:\/\/www.biblia.work\/sermones\/wp-json\/wp\/v2\/posts\/35161\/revisions"}],"wp:attachment":[{"href":"https:\/\/www.biblia.work\/sermones\/wp-json\/wp\/v2\/media?parent=35161"}],"wp:term":[{"taxonomy":"category","embeddable":true,"href":"https:\/\/www.biblia.work\/sermones\/wp-json\/wp\/v2\/categories?post=35161"},{"taxonomy":"post_tag","embeddable":true,"href":"https:\/\/www.biblia.work\/sermones\/wp-json\/wp\/v2\/tags?post=35161"}],"curies":[{"name":"wp","href":"https:\/\/api.w.org\/{rel}","templated":true}]}}