{"id":35162,"date":"2016-06-21T00:04:04","date_gmt":"2016-06-21T05:04:04","guid":{"rendered":"http:\/\/www.biblia.work\/sermones\/el-papa-francisco-y-la-emergencia-migratoria\/"},"modified":"2016-06-21T00:04:04","modified_gmt":"2016-06-21T05:04:04","slug":"el-papa-francisco-y-la-emergencia-migratoria","status":"publish","type":"post","link":"https:\/\/www.biblia.work\/sermones\/el-papa-francisco-y-la-emergencia-migratoria\/","title":{"rendered":"El Papa Francisco y la emergencia migratoria"},"content":{"rendered":"<p style=\"text-align: justify;\"><strong>Un discurso capital para\u00a0 la emergencia migratoria, por Jos\u00e9 Luis Rest\u00e1n<\/strong><\/p>\n<p style=\"text-align: justify;\">El Papa ha querido centrar su discurso al Cuerpo Diplom\u00e1tico al inicio de 2016 en lo que ha calificado como \u201cemergencia migratoria\u201d, un fen\u00f3meno que desaf\u00eda a la entera familia humana (un concepto aquilatado en el magisterio pontificio desde el pasado siglo, que no puede darse por descontado) y que est\u00e1 llamado a plasmar la fisonom\u00eda y los equilibrios internos de las sociedades en el inmediato futuro.<\/p>\n<p style=\"text-align: justify;\">Francisco ha elegido un tono anal\u00edtico y lleno de matices, consciente de que no existen soluciones simplistas y tambi\u00e9n del potencial desestabilizador del fen\u00f3meno, como estamos viendo estos d\u00edas en Alemania tras los sucesos de Nochevieja en Colonia. Precisamente el Papa ha querido poner el foco en Europa, en lo que este fen\u00f3meno dram\u00e1tico supone de riesgo y de posibilidad para el Viejo Continente. \u201cMuchos emigrantes procedentes de Asia y \u00c1frica ven a Europa como un referente por sus principios\u201d, ha reconocido Francisco: la igualdad ante la ley, la inviolabilidad de la dignidad y la igualdad de toda persona, el amor al pr\u00f3jimo sin distinci\u00f3n de origen y pertenencia, la libertad de conciencia y la solidaridad con sus semejantes. Valores que conectan con la ra\u00edz cristiana de la cultura europea, como ya explic\u00f3 en sus discursos ante las instituciones de la Uni\u00f3n en Estrasburgo.<\/p>\n<p style=\"text-align: justify;\">En este discurso el Papa pide prestar especial atenci\u00f3n a las implicaciones culturales del fen\u00f3meno migratorio, algo que suele estar ausente o tener un perfil demasiado bajo en los reclamos de muchas organizaciones que trabajan (a veces heroicamente) a pie de calle con los inmigrantes y refugiados. Observa Francisco que el extremismo y el fundamentalismo se ven favorecidos, no s\u00f3lo por una instrumentalizaci\u00f3n de la religi\u00f3n en funci\u00f3n del poder, sino tambi\u00e9n por la falta de ideales y la p\u00e9rdida de la identidad, incluso religiosa, que caracteriza dram\u00e1ticamente a Occidente. La cr\u00edtica del pont\u00edfice se centra en esta p\u00e9rdida de identidad que algunos intelectuales identifican falazmente con la tolerancia. Precisamente de este vac\u00edo, apunta el Papa, \u201cnace el miedo que empuja a ver al otro como un peligro y un enemigo, a encerrarse en s\u00ed mismo, enroc\u00e1ndose en sus planteamientos preconcebidos\u201d.<br \/>\nEl fen\u00f3meno migratorio, por tanto, plantea un importante desaf\u00edo cultural, que no se puede dejar sin responder. Francisco advierte que quienes son acogidos tienen el deber de respetar los valores, las tradiciones y las leyes de la comunidad que los acoge; mientras \u00e9sta es invitada a apreciar lo que cada emigrante puede aportar en beneficio de toda la comunidad.<br \/>\nUn pasaje del discurso se refiere directamente a la encrucijada de Europa ante la actual crisis migratoria, porque ante la magnitud de los flujos y sus inevitables problemas asociados han surgido muchos interrogantes sobre las posibilidades reales de acogida y adaptaci\u00f3n de las personas, sobre el cambio en la estructura cultural y social de los pa\u00edses de acogida, as\u00ed como sobre un nuevo dise\u00f1o de algunos equilibrios geopol\u00edticos regionales. En ning\u00fan caso dice el Papa que se trate de meros fantasmas, del mismo modo que reconoce que tambi\u00e9n son relevantes los temores sobre la seguridad, exasperados por la amenaza desbordante del terrorismo internacional.<\/p>\n<p style=\"text-align: justify;\">Existe por tanto un riesgo real de que la actual ola migratoria mine las bases del esp\u00edritu humanista que desde siempre Europa ha amado y defendido. Y aqu\u00ed es donde Francisco lanza un mensaje al coraz\u00f3n de nuestra vieja y amada Europa: no podemos consentir que se pierdan los valores y los principios de humanidad, de respeto por la dignidad de toda persona, de subsidiariedad y solidaridad rec\u00edproca, a pesar de que puedan ser, en ciertos momentos de la historia, una carga dif\u00edcil de soportar.<br \/>\nLa invitaci\u00f3n fuerte del Papa, en plena continuidad con los llamamientos de sus predecesores, consiste en que Europa inspir\u00e1ndose en su gran patrimonio cultural y religioso, defienda la centralidad de la persona humana y encuentre un justo equilibrio entre el deber moral de tutelar los derechos de sus ciudadanos, por una parte, y por otra, el de garantizar la asistencia y la acogida de los emigrantes. Un llamamiento lleno de realismo y sabidur\u00eda, que nuestros gobernantes y nuestras sociedades, deber\u00edan escuchar en esta hora dif\u00edcil.<\/p>\n<p style=\"text-align: justify;\">Fuente: http:\/\/www.unomasdoce.com\/analisis\/un-discurso-capital-para-la-emergencia-migratoria\/#.VpYpWVIu-PE<\/p>\n","protected":false},"excerpt":{"rendered":"<p>Un discurso capital para\u00a0 la emergencia migratoria, por Jos\u00e9 Luis Rest\u00e1n El Papa ha querido centrar su discurso al Cuerpo Diplom\u00e1tico al inicio de 2016 en lo que ha calificado como \u201cemergencia migratoria\u201d, un fen\u00f3meno que desaf\u00eda a la entera familia humana (un concepto aquilatado en el magisterio pontificio desde el pasado siglo, que no &hellip; <a href=\"https:\/\/www.biblia.work\/sermones\/el-papa-francisco-y-la-emergencia-migratoria\/\" class=\"more-link\">Continuar leyendo<span class=\"screen-reader-text\"> \u00abEl Papa Francisco y la emergencia migratoria\u00bb<\/span><\/a><\/p>\n","protected":false},"author":1,"featured_media":0,"comment_status":"open","ping_status":"closed","sticky":false,"template":"","format":"standard","meta":{"footnotes":""},"categories":[1],"tags":[],"class_list":["post-35162","post","type-post","status-publish","format-standard","hentry","category-general"],"_links":{"self":[{"href":"https:\/\/www.biblia.work\/sermones\/wp-json\/wp\/v2\/posts\/35162","targetHints":{"allow":["GET"]}}],"collection":[{"href":"https:\/\/www.biblia.work\/sermones\/wp-json\/wp\/v2\/posts"}],"about":[{"href":"https:\/\/www.biblia.work\/sermones\/wp-json\/wp\/v2\/types\/post"}],"author":[{"embeddable":true,"href":"https:\/\/www.biblia.work\/sermones\/wp-json\/wp\/v2\/users\/1"}],"replies":[{"embeddable":true,"href":"https:\/\/www.biblia.work\/sermones\/wp-json\/wp\/v2\/comments?post=35162"}],"version-history":[{"count":0,"href":"https:\/\/www.biblia.work\/sermones\/wp-json\/wp\/v2\/posts\/35162\/revisions"}],"wp:attachment":[{"href":"https:\/\/www.biblia.work\/sermones\/wp-json\/wp\/v2\/media?parent=35162"}],"wp:term":[{"taxonomy":"category","embeddable":true,"href":"https:\/\/www.biblia.work\/sermones\/wp-json\/wp\/v2\/categories?post=35162"},{"taxonomy":"post_tag","embeddable":true,"href":"https:\/\/www.biblia.work\/sermones\/wp-json\/wp\/v2\/tags?post=35162"}],"curies":[{"name":"wp","href":"https:\/\/api.w.org\/{rel}","templated":true}]}}