{"id":35164,"date":"2016-06-21T00:04:18","date_gmt":"2016-06-21T05:04:18","guid":{"rendered":"http:\/\/www.biblia.work\/sermones\/mensaje-de-sami-el-mushtawi-sobre-el-atentado-en-la-mezquita-azul-de-estambul\/"},"modified":"2016-06-21T00:04:18","modified_gmt":"2016-06-21T05:04:18","slug":"mensaje-de-sami-el-mushtawi-sobre-el-atentado-en-la-mezquita-azul-de-estambul","status":"publish","type":"post","link":"https:\/\/www.biblia.work\/sermones\/mensaje-de-sami-el-mushtawi-sobre-el-atentado-en-la-mezquita-azul-de-estambul\/","title":{"rendered":"Mensaje de Sami El Mushtawi sobre el atentado en la Mezquita Azul de Estambul"},"content":{"rendered":"<p style=\"text-align: justify;\"><strong>Mensaje de Sami El Mushtawi sobre el atentado en la mezquita Azul de Estambul<\/strong><\/p>\n<p style=\"text-align: justify;\">Los musulmanes condenamos en\u00e9rgicamente el brutal atentado perpetrado el d\u00eda de hoy, martes 12 de enero, cerca de la Mezquita Azul de Estambul, en la tur\u00edstica zona de Sultanahmet.<\/p>\n<p style=\"text-align: justify;\">Expresamos nuestra profunda tristeza y dolor por las v\u00edctimas de este terrible atentado y deseamos pronta recuperaci\u00f3n para los herido .<\/p>\n<p style=\"text-align: justify;\">Que Dios Todopoderoso conceda paciencia a los familiares de las v\u00edctimas y que la paz reine sobre la faz de la tierra.<\/p>\n<p style=\"text-align: justify;\">&#8212;<\/p>\n<p style=\"text-align: justify;\">Dr. SAMI EL MUSHTAWI<\/p>\n<p style=\"text-align: justify;\">Director del Departamento Cultural\u00a0Centro Cultural Isl\u00e1mico de Madrid<\/p>\n","protected":false},"excerpt":{"rendered":"<p>Mensaje de Sami El Mushtawi sobre el atentado en la mezquita Azul de Estambul Los musulmanes condenamos en\u00e9rgicamente el brutal atentado perpetrado el d\u00eda de hoy, martes 12 de enero, cerca de la Mezquita Azul de Estambul, en la tur\u00edstica zona de Sultanahmet. Expresamos nuestra profunda tristeza y dolor por las v\u00edctimas de este terrible &hellip; <a href=\"https:\/\/www.biblia.work\/sermones\/mensaje-de-sami-el-mushtawi-sobre-el-atentado-en-la-mezquita-azul-de-estambul\/\" class=\"more-link\">Continuar leyendo<span class=\"screen-reader-text\"> \u00abMensaje de Sami El Mushtawi sobre el atentado en la Mezquita Azul de Estambul\u00bb<\/span><\/a><\/p>\n","protected":false},"author":1,"featured_media":0,"comment_status":"open","ping_status":"closed","sticky":false,"template":"","format":"standard","meta":{"footnotes":""},"categories":[1],"tags":[],"class_list":["post-35164","post","type-post","status-publish","format-standard","hentry","category-general"],"_links":{"self":[{"href":"https:\/\/www.biblia.work\/sermones\/wp-json\/wp\/v2\/posts\/35164","targetHints":{"allow":["GET"]}}],"collection":[{"href":"https:\/\/www.biblia.work\/sermones\/wp-json\/wp\/v2\/posts"}],"about":[{"href":"https:\/\/www.biblia.work\/sermones\/wp-json\/wp\/v2\/types\/post"}],"author":[{"embeddable":true,"href":"https:\/\/www.biblia.work\/sermones\/wp-json\/wp\/v2\/users\/1"}],"replies":[{"embeddable":true,"href":"https:\/\/www.biblia.work\/sermones\/wp-json\/wp\/v2\/comments?post=35164"}],"version-history":[{"count":0,"href":"https:\/\/www.biblia.work\/sermones\/wp-json\/wp\/v2\/posts\/35164\/revisions"}],"wp:attachment":[{"href":"https:\/\/www.biblia.work\/sermones\/wp-json\/wp\/v2\/media?parent=35164"}],"wp:term":[{"taxonomy":"category","embeddable":true,"href":"https:\/\/www.biblia.work\/sermones\/wp-json\/wp\/v2\/categories?post=35164"},{"taxonomy":"post_tag","embeddable":true,"href":"https:\/\/www.biblia.work\/sermones\/wp-json\/wp\/v2\/tags?post=35164"}],"curies":[{"name":"wp","href":"https:\/\/api.w.org\/{rel}","templated":true}]}}