{"id":35165,"date":"2016-06-21T00:04:22","date_gmt":"2016-06-21T05:04:22","guid":{"rendered":"http:\/\/www.biblia.work\/sermones\/migracion-y-misericordia-por-jose-roman-flecha-andres-en-diario-de-leon-16-1-2016\/"},"modified":"2016-06-21T00:04:22","modified_gmt":"2016-06-21T05:04:22","slug":"migracion-y-misericordia-por-jose-roman-flecha-andres-en-diario-de-leon-16-1-2016","status":"publish","type":"post","link":"https:\/\/www.biblia.work\/sermones\/migracion-y-misericordia-por-jose-roman-flecha-andres-en-diario-de-leon-16-1-2016\/","title":{"rendered":"Migraci\u00f3n y misericordia, por Jos\u00e9-Rom\u00e1n Flecha Andr\u00e9s, en Diario de Le\u00f3n (16-1-2016)"},"content":{"rendered":"<p style=\"text-align: justify;\"><strong>Migraci\u00f3n y misericordia, por Jos\u00e9-Rom\u00e1n Flecha Andr\u00e9s, en Diario de Le\u00f3n (16-1-2016)<\/strong><\/p>\n<p style=\"text-align: justify;\">\u00abEmigrantes y refugiados nos interpelan\u201d. Ese es el lema del <strong>mensaje que el Papa Francisco ha escrito para la Jornada Mundial de las migraciones<\/strong>, que se celebra el d\u00eda 17 de enero de este a\u00f1o 2016.<\/p>\n<li>En su primera parte, el mensaje nos recuerda que \u201clos flujos migratorios est\u00e1n en continuo aumento en todas las \u00e1reas del planeta: refugiados y personas que escapan de su propia patria interpelan a cada uno y a las colectividades, desafiando el modo tradicional de vivir y, a veces, trastornando el horizonte cultural y social con el cual se confrontan\u201d.<\/li>\n<p style=\"text-align: justify;\">Las causas de este fen\u00f3meno van desde la pobreza hasta la persecuci\u00f3n racial o religiosa, desde la violencia social o sexual hasta el tr\u00e1fico de \u00f3rganos. Muchos emigrantes \u201csufren el ultraje de los traficantes de personas humanas en el viaje hacia el sue\u00f1o de un futuro mejor\u201d.<\/p>\n<p style=\"text-align: justify;\">Pero las pesadillas no terminan ah\u00ed. En los pa\u00edses de destino, se ven como personas sospechosas. Y a veces descubren que no hay normas claras que \u201cregulen la acogida y prevean v\u00edas de integraci\u00f3n a corto y largo plazo, con atenci\u00f3n a los derechos y a los deberes de todos\u201d.<\/p>\n<li>En un segundo momento, el Papa Francisco, nos recuerda que \u201cel Evangelio de la misericordia interpela las conciencias, impide que se habit\u00faen al sufrimiento del otro e indica caminos de respuesta que se fundan en las virtudes teologales de la fe, de la esperanza y de la caridad, despleg\u00e1ndose en las obras de misericordia espirituales y corporales\u201d.<\/li>\n<p style=\"text-align: justify;\">Recibida de Dios, la misericordia alimenta y robustece la solidaridad hacia el pr\u00f3jimo. Todos somos custodios de nuestros hermanos y hermanas, de los que recibimos dones insospechados. No podemos olvidar que \u201cla hospitalidad, de hecho, vive del dar y del recibir\u201d. En la acogida del extranjero, se abren las puertas a Dios, y en el rostro del otro se manifiestan los rasgos de Jesucristo.<\/p>\n<li>Finalmente el Papa Francisco nos sugiere algunas actitudes y pr\u00e1cticas concretas. Hay que evitar el riesgo de la discriminaci\u00f3n, del racismo, del nacionalismo extremo o de la xenofobia. M\u00e1s que mirar a su situaci\u00f3n de regulares o irregulares, hay que ver a los inmigrantes como personas.<\/li>\n<p style=\"text-align: justify;\">Adem\u00e1s del derecho a emigrar, habr\u00e1 que reconocer y promover el derecho a no tener que emigrar para contribuir al desarrollo del pa\u00eds de origen. Claro que eso incluye el de ayudar a los pa\u00edses del cual salen los emigrantes y los pr\u00f3fugos.<\/p>\n<p style=\"text-align: justify;\">Es hora de practicar la solidaridad, la cooperaci\u00f3n, la interdependencia internacional y la distribuci\u00f3n equitativa de los bienes de la tierra. \u201cEn todo caso, es necesario evitar, posiblemente ya en su origen, la huida de los pr\u00f3fugos y los \u00e9xodos provocados por la pobreza, por la violencia y por la persecuci\u00f3n\u201d.<\/p>\n<p style=\"text-align: justify;\">No olvidemos que el encuentro y la acogida del otro se entrecruzan con el encuentro y la acogida de Dios. Acoger al otro es acoger a Dios en persona. As\u00ed nos lo dijo el Se\u00f1or.<\/p>\n<p style=\"text-align: justify;\">\u00a0\u00a0\u00a0\u00a0\u00a0\u00a0\u00a0\u00a0\u00a0\u00a0\u00a0\u00a0\u00a0\u00a0\u00a0\u00a0\u00a0\u00a0\u00a0\u00a0\u00a0\u00a0\u00a0\u00a0\u00a0\u00a0\u00a0\u00a0\u00a0\u00a0\u00a0\u00a0\u00a0\u00a0\u00a0\u00a0\u00a0\u00a0\u00a0\u00a0\u00a0\u00a0 \u00a0\u00a0\u00a0\u00a0\u00a0\u00a0\u00a0\u00a0\u00a0Jos\u00e9-Rom\u00e1n Flecha Andr\u00e9s<\/p>\n","protected":false},"excerpt":{"rendered":"<p>Migraci\u00f3n y misericordia, por Jos\u00e9-Rom\u00e1n Flecha Andr\u00e9s, en Diario de Le\u00f3n (16-1-2016) \u00abEmigrantes y refugiados nos interpelan\u201d. Ese es el lema del mensaje que el Papa Francisco ha escrito para la Jornada Mundial de las migraciones, que se celebra el d\u00eda 17 de enero de este a\u00f1o 2016. En su primera parte, el mensaje nos &hellip; <a href=\"https:\/\/www.biblia.work\/sermones\/migracion-y-misericordia-por-jose-roman-flecha-andres-en-diario-de-leon-16-1-2016\/\" class=\"more-link\">Continuar leyendo<span class=\"screen-reader-text\"> \u00abMigraci\u00f3n y misericordia, por Jos\u00e9-Rom\u00e1n Flecha Andr\u00e9s, en Diario de Le\u00f3n (16-1-2016)\u00bb<\/span><\/a><\/p>\n","protected":false},"author":1,"featured_media":0,"comment_status":"open","ping_status":"closed","sticky":false,"template":"","format":"standard","meta":{"footnotes":""},"categories":[1],"tags":[],"class_list":["post-35165","post","type-post","status-publish","format-standard","hentry","category-general"],"_links":{"self":[{"href":"https:\/\/www.biblia.work\/sermones\/wp-json\/wp\/v2\/posts\/35165","targetHints":{"allow":["GET"]}}],"collection":[{"href":"https:\/\/www.biblia.work\/sermones\/wp-json\/wp\/v2\/posts"}],"about":[{"href":"https:\/\/www.biblia.work\/sermones\/wp-json\/wp\/v2\/types\/post"}],"author":[{"embeddable":true,"href":"https:\/\/www.biblia.work\/sermones\/wp-json\/wp\/v2\/users\/1"}],"replies":[{"embeddable":true,"href":"https:\/\/www.biblia.work\/sermones\/wp-json\/wp\/v2\/comments?post=35165"}],"version-history":[{"count":0,"href":"https:\/\/www.biblia.work\/sermones\/wp-json\/wp\/v2\/posts\/35165\/revisions"}],"wp:attachment":[{"href":"https:\/\/www.biblia.work\/sermones\/wp-json\/wp\/v2\/media?parent=35165"}],"wp:term":[{"taxonomy":"category","embeddable":true,"href":"https:\/\/www.biblia.work\/sermones\/wp-json\/wp\/v2\/categories?post=35165"},{"taxonomy":"post_tag","embeddable":true,"href":"https:\/\/www.biblia.work\/sermones\/wp-json\/wp\/v2\/tags?post=35165"}],"curies":[{"name":"wp","href":"https:\/\/api.w.org\/{rel}","templated":true}]}}