{"id":35166,"date":"2016-06-21T00:04:26","date_gmt":"2016-06-21T05:04:26","guid":{"rendered":"http:\/\/www.biblia.work\/sermones\/comunicado-no-al-acoso-sexual-por-sami-el-mushtawi-director-departamento-cultural-centro-cultural-islamico-de-madrid\/"},"modified":"2016-06-21T00:04:26","modified_gmt":"2016-06-21T05:04:26","slug":"comunicado-no-al-acoso-sexual-por-sami-el-mushtawi-director-departamento-cultural-centro-cultural-islamico-de-madrid","status":"publish","type":"post","link":"https:\/\/www.biblia.work\/sermones\/comunicado-no-al-acoso-sexual-por-sami-el-mushtawi-director-departamento-cultural-centro-cultural-islamico-de-madrid\/","title":{"rendered":"Comunicado no al acoso sexual, por Sami El Mushtawi, director Departamento Cultural Centro Cultural Isl\u00e1mico de Madrid"},"content":{"rendered":"<p style=\"text-align: justify;\">Comunicado no al acoso sexual, por Sami El Mushtawi,\u00a0director Departamento Cultural\u00a0Centro Cultural Isl\u00e1mico de Madrid<\/p>\n<p style=\"text-align: justify;\">Con estupor e indignaci\u00f3n, hemos recibido las noticias vinculadas con los ataques sexuales de car\u00e1cter colectivo en contra de mujeres, durante su participaci\u00f3n en las celebraciones del A\u00f1o Nuevo, en varios pa\u00edses europeos.<\/p>\n<p style=\"text-align: justify;\">Los medios han hablado de hombres de piel oscura, de rasgos \u00e1rabes y del norte de \u00c1frica, etc&#8230;<\/p>\n<p style=\"text-align: justify;\">Apenas sucedido eso, de inmediato las fuerzas de seguridad en los pa\u00edses en que ocurrieron este tipo de condenables delitos, han vinculado el caso con la apertura de las fronteras frente a los solicitantes de asilo, por parte de los refugiados.<\/p>\n<p style=\"text-align: justify;\">El caso es realmente preocupante y es menester se\u00f1alar que unos pocos<\/p>\n<p style=\"text-align: justify;\">\u00e1rabes o individuos con rasgos parecidos a los \u00e1rabes y que no saben nada de valores ni de \u00e9tica, y que no suman m\u00e1s de docenas, nunca pueden manchar la imagen de cientos de miles de solicitantes de asilo, tampoco pueden causar da\u00f1o a millones de \u00e1rabes y musulmanes que viven en Europa.<\/p>\n<p style=\"text-align: justify;\">Nosotros rechazamos y condenamos en\u00e9rgicamente estos ataques en contra de la mujer, en particular en estos casos repudiables y en general en todo caso. Asimismo les pedimos a los medios que sean objetivos y que separen entre unos individuos que nada respetan y el resto de los \u00e1rabes, africanos y musulmanes que todo lo que quieren es vivir en paz, en Europa, dejando atr\u00e1s el infierno que han huido de \u00e9l.<\/p>\n<p style=\"text-align: justify;\">S\u00e1bado 9-1-2015<\/p>\n<p align=\"justify\">&#8212;<\/p>\n<p align=\"justify\">Dr. SAMI EL MUSHTAWI<\/p>\n<p align=\"justify\">Director del Departamento Cultural\u00a0Centro Cultural Isl\u00e1mico de Madrid<\/p>\n<p align=\"justify\">C\/Salvador de Madariaga, 7<\/p>\n<p align=\"justify\">Madrid \u2013 Espa\u00f1a<\/p>\n","protected":false},"excerpt":{"rendered":"<p>Comunicado no al acoso sexual, por Sami El Mushtawi,\u00a0director Departamento Cultural\u00a0Centro Cultural Isl\u00e1mico de Madrid Con estupor e indignaci\u00f3n, hemos recibido las noticias vinculadas con los ataques sexuales de car\u00e1cter colectivo en contra de mujeres, durante su participaci\u00f3n en las celebraciones del A\u00f1o Nuevo, en varios pa\u00edses europeos. Los medios han hablado de hombres de &hellip; <a href=\"https:\/\/www.biblia.work\/sermones\/comunicado-no-al-acoso-sexual-por-sami-el-mushtawi-director-departamento-cultural-centro-cultural-islamico-de-madrid\/\" class=\"more-link\">Continuar leyendo<span class=\"screen-reader-text\"> \u00abComunicado no al acoso sexual, por Sami El Mushtawi, director Departamento Cultural Centro Cultural Isl\u00e1mico de Madrid\u00bb<\/span><\/a><\/p>\n","protected":false},"author":1,"featured_media":0,"comment_status":"open","ping_status":"closed","sticky":false,"template":"","format":"standard","meta":{"footnotes":""},"categories":[1],"tags":[],"class_list":["post-35166","post","type-post","status-publish","format-standard","hentry","category-general"],"_links":{"self":[{"href":"https:\/\/www.biblia.work\/sermones\/wp-json\/wp\/v2\/posts\/35166","targetHints":{"allow":["GET"]}}],"collection":[{"href":"https:\/\/www.biblia.work\/sermones\/wp-json\/wp\/v2\/posts"}],"about":[{"href":"https:\/\/www.biblia.work\/sermones\/wp-json\/wp\/v2\/types\/post"}],"author":[{"embeddable":true,"href":"https:\/\/www.biblia.work\/sermones\/wp-json\/wp\/v2\/users\/1"}],"replies":[{"embeddable":true,"href":"https:\/\/www.biblia.work\/sermones\/wp-json\/wp\/v2\/comments?post=35166"}],"version-history":[{"count":0,"href":"https:\/\/www.biblia.work\/sermones\/wp-json\/wp\/v2\/posts\/35166\/revisions"}],"wp:attachment":[{"href":"https:\/\/www.biblia.work\/sermones\/wp-json\/wp\/v2\/media?parent=35166"}],"wp:term":[{"taxonomy":"category","embeddable":true,"href":"https:\/\/www.biblia.work\/sermones\/wp-json\/wp\/v2\/categories?post=35166"},{"taxonomy":"post_tag","embeddable":true,"href":"https:\/\/www.biblia.work\/sermones\/wp-json\/wp\/v2\/tags?post=35166"}],"curies":[{"name":"wp","href":"https:\/\/api.w.org\/{rel}","templated":true}]}}