{"id":35171,"date":"2016-06-21T00:04:49","date_gmt":"2016-06-21T05:04:49","guid":{"rendered":"http:\/\/www.biblia.work\/sermones\/convocatorias-retos-celebraciones-para-2016-editorial-ecclesia\/"},"modified":"2016-06-21T00:04:49","modified_gmt":"2016-06-21T05:04:49","slug":"convocatorias-retos-celebraciones-para-2016-editorial-ecclesia","status":"publish","type":"post","link":"https:\/\/www.biblia.work\/sermones\/convocatorias-retos-celebraciones-para-2016-editorial-ecclesia\/","title":{"rendered":"Convocatorias, retos, celebraciones para 2016 &#8211; editorial ECCLESIA"},"content":{"rendered":"<p align=\"justify\"><strong>Convocatorias, retos, celebraciones para 2016<\/strong><\/p>\n<p align=\"justify\"><strong>\u00a0\u00a0\u00a0\u00a0\u00a0\u00a0\u00a0\u00a0\u00a0\u00a0\u00a0 <\/strong>El nuevo a\u00f1o reci\u00e9n estrenado, 2016, llega en la Iglesia cat\u00f3lica y desde la Iglesia cat\u00f3lica bajo el signo de la misericordia. La convocatoria \u2013 gozosa realidad ya desde hace un mes- del A\u00f1o Jubilar de la Misericordia es, sin duda, la principal de las citas del a\u00f1o, el mayor de sus reclamos.<\/p>\n<p align=\"justify\">La intuici\u00f3n del Papa, sin duda, inspirada desde lo Alto, de este a\u00f1o de especial gracia y de renovada llamada a la conversi\u00f3n y a la misi\u00f3n, no puede ser desaprovechada bajo ning\u00fan concepto. Ser\u00eda una temeridad inadmisible. El A\u00f1o Jubilar de la Misericordia debe, adem\u00e1s, ser mucho m\u00e1s que un conjunto de actividades y de celebraciones. Debe ser \u2013como afirm\u00f3 Francisco el 8 de diciembre y como reflexion\u00f3 ecclesia en su Editorial del su n\u00famero 3.809- un tiempo, un a\u00f1o santo, para crecer en la convicci\u00f3n y en el ejercicio de la misericordia. \u00bfC\u00f3mo?: predicando con el ejemplo, estando pendientes no tanto de recibir misericordia, cuanto en dar y ofrecer misericordia, haciendo realidad el lema del a\u00f1o jubilar \u201cMisericordiosos como el Padre\u201d. Y es que si todos y cada uno -pastores y fieles, jefes y subalternos,\u00a0 poderosos y d\u00e9biles,\u2026- somos misericordiosos con los dem\u00e1s, la misericordia llegar\u00e1 a todos y ser\u00e1 m\u00e1s posible y m\u00e1s real el \u201csue\u00f1o\u201d de nuestro Dios, el Dios rico en misericordia, manantial inagotable de misericordia.<\/p>\n<p align=\"justify\">2016 ser\u00e1 tambi\u00e9n mejor para todos si somos capaces de conjugar nuestros derechos con los derechos de los dem\u00e1s. Estos d\u00edas se ha cumplido un a\u00f1o de la inaceptable e injustificable matanza de una docena de trabajadores de la revista sat\u00edrica francesa \u201c<em>Charlie Hebdo\u201d<\/em>. Todo el mundo, casi todo el mundo, dijo hace un a\u00f1o querer ser \u00a0\u201c<em>Charlie Hebdo\u201d<\/em>. \u00bfY cu\u00e1l ha sido su respuesta al cumplirse el primer aniversario de la masacre? La vi\u00f1eta de un \u201cdios\u201d armado con un kalashnikov y la leyenda &#8220;Un a\u00f1o despu\u00e9s, el asesino sigue corriendo&#8221;. Dicen que la tirada de este siniestro n\u00famero ha alcanzado el mill\u00f3n de ejemplares. \u00bfEsto justifica algo? \u00bfLa libertad de expresi\u00f3n puede amparar el insulto? Un a\u00f1o despu\u00e9s de aquel horror yihadista inadmisible, \u00bfes ahora el tiempo de la venganza, del resentimiento, del insulto, del odio, de la provocaci\u00f3n?<\/p>\n<p align=\"justify\">2016 ha llegado a Espa\u00f1a con un panorama pol\u00edtico \u2013y por ello tambi\u00e9n social y econ\u00f3mico- marcado, de nuevo, bajo el signo de la incertidumbre. Y la sombra de la inestabilidad e ingobernabilidad planea sobre todo nosotros.\u00a0 Ni ecclesia ni la Iglesia cat\u00f3lica pretendemos tener la raz\u00f3n y la soluci\u00f3n. Pero creemos, como afirm\u00e1bamos inequ\u00edvocamente en nuestro comentario Editorial del \u00faltimo n\u00famero de 2015, que la fragmentaci\u00f3n electoral, que la nueva pluralidad emanada de las urnas del pasado 20 de diciembre, llaman a la responsabilidad, al sentido de Estado, a la altura de miras, a la concordia, a la concertaci\u00f3n, al pacto, al di\u00e1logo, en suma, a respetar los resultados de las urnas y a poner como prioridades el bien com\u00fan de Espa\u00f1a, su unidad en la diversidad y su gobernabilidad y estabilidad.<\/p>\n<p align=\"justify\">El respeto que acabamos de invocar, referido a la libertad religiosa y creencias y el respeto a la voluntad de los ciudadanos, ha de plasmarse asimismo en las expresiones p\u00fablicas y privadas de la vida y en el conjunto de sus actividades y convocatorias. En este sentido, no podemos por menos que deplorar algunas rancias manifestaciones de corte anticristiano que, en aras a una supuesta pluralidad, se han llevado a cabo en Navidad en algunos y destacados ayuntamientos de Espa\u00f1a a prop\u00f3sito de la decoraci\u00f3n de sus calles, de la colocaci\u00f3n de los Belenes y de la misma cabalgata de Reyes. Las tradiciones, creencias, gustos y preferencias de la mayor\u00eda de los ciudadanos han de seguir mereciendo todos los respetos, que algunos han vulnerado estos d\u00edas injusta e innecesariamente.<\/p>\n<p align=\"justify\">Por \u00faltimo, no podemos por menos que referirnos a nosotros mismos, a ecclesia, s\u00ed. Y es que cumplimos 75 a\u00f1os. Nacimos el 2 de enero de 1941. Y el gran \u201cregalo\u201d de cumplea\u00f1os que pretendemos ofrecer a nuestros lectores es renovar nuestra gratitud y nuestro compromiso period\u00edstico y eclesial por seguir dando lo mejor de nosotros mismos. \u00bfC\u00f3mo?: por tercer a\u00f1o consecutivo, seguimos manteniendo sin incremento nuestros precios; seguiremos renovando nuestros contenidos, colaboraciones y presentaciones; y, sobre todo, seguimos queriendo servir a la Iglesia como la Iglesia ha de ser servida. Y el resto, se nos dar\u00e1, a\u00a0 todos, por a\u00f1adidura.<\/p>\n","protected":false},"excerpt":{"rendered":"<p>Convocatorias, retos, celebraciones para 2016 \u00a0\u00a0\u00a0\u00a0\u00a0\u00a0\u00a0\u00a0\u00a0\u00a0\u00a0 El nuevo a\u00f1o reci\u00e9n estrenado, 2016, llega en la Iglesia cat\u00f3lica y desde la Iglesia cat\u00f3lica bajo el signo de la misericordia. La convocatoria \u2013 gozosa realidad ya desde hace un mes- del A\u00f1o Jubilar de la Misericordia es, sin duda, la principal de las citas del a\u00f1o, el &hellip; <a href=\"https:\/\/www.biblia.work\/sermones\/convocatorias-retos-celebraciones-para-2016-editorial-ecclesia\/\" class=\"more-link\">Continuar leyendo<span class=\"screen-reader-text\"> \u00abConvocatorias, retos, celebraciones para 2016 &#8211; editorial ECCLESIA\u00bb<\/span><\/a><\/p>\n","protected":false},"author":1,"featured_media":0,"comment_status":"open","ping_status":"closed","sticky":false,"template":"","format":"standard","meta":{"footnotes":""},"categories":[1],"tags":[],"class_list":["post-35171","post","type-post","status-publish","format-standard","hentry","category-general"],"_links":{"self":[{"href":"https:\/\/www.biblia.work\/sermones\/wp-json\/wp\/v2\/posts\/35171","targetHints":{"allow":["GET"]}}],"collection":[{"href":"https:\/\/www.biblia.work\/sermones\/wp-json\/wp\/v2\/posts"}],"about":[{"href":"https:\/\/www.biblia.work\/sermones\/wp-json\/wp\/v2\/types\/post"}],"author":[{"embeddable":true,"href":"https:\/\/www.biblia.work\/sermones\/wp-json\/wp\/v2\/users\/1"}],"replies":[{"embeddable":true,"href":"https:\/\/www.biblia.work\/sermones\/wp-json\/wp\/v2\/comments?post=35171"}],"version-history":[{"count":0,"href":"https:\/\/www.biblia.work\/sermones\/wp-json\/wp\/v2\/posts\/35171\/revisions"}],"wp:attachment":[{"href":"https:\/\/www.biblia.work\/sermones\/wp-json\/wp\/v2\/media?parent=35171"}],"wp:term":[{"taxonomy":"category","embeddable":true,"href":"https:\/\/www.biblia.work\/sermones\/wp-json\/wp\/v2\/categories?post=35171"},{"taxonomy":"post_tag","embeddable":true,"href":"https:\/\/www.biblia.work\/sermones\/wp-json\/wp\/v2\/tags?post=35171"}],"curies":[{"name":"wp","href":"https:\/\/api.w.org\/{rel}","templated":true}]}}