{"id":35172,"date":"2016-06-21T00:04:53","date_gmt":"2016-06-21T05:04:53","guid":{"rendered":"http:\/\/www.biblia.work\/sermones\/cartografia-para-2016-por-jose-luis-restan-director-editorial-de-la-cadena-cope-en-alfa-y-omega-del-712016\/"},"modified":"2016-06-21T00:04:53","modified_gmt":"2016-06-21T05:04:53","slug":"cartografia-para-2016-por-jose-luis-restan-director-editorial-de-la-cadena-cope-en-alfa-y-omega-del-712016","status":"publish","type":"post","link":"https:\/\/www.biblia.work\/sermones\/cartografia-para-2016-por-jose-luis-restan-director-editorial-de-la-cadena-cope-en-alfa-y-omega-del-712016\/","title":{"rendered":"Cartograf\u00eda para 2016, por Jos\u00e9 Luis Rest\u00e1n, director editorial de la Cadena Cope, en Alfa y Omega del 7\/1\/2016"},"content":{"rendered":"<p style=\"text-align: justify;\"><strong>Cartograf\u00eda para 2016, por Jos\u00e9 Luis Rest\u00e1n, director editorial de la Cadena Cope, en Alfa y Omega del 7\/1\/2016<br \/>\n<\/strong><\/p>\n<p style=\"text-align: justify;\">La br\u00fajula eclesial de 2016 apunta inmediatamente a M\u00e9xico, un pa\u00eds apasionante, volc\u00e1nico y atormentado, que espera la visita del primer Papa latinoamericano de la historia. El fervor en la calle est\u00e1 m\u00e1s que asegurado, pero Francisco sabe que le espera un escenario lleno de contradicciones. El apogeo del narcotr\u00e1fico, las desigualdades insoportables, la cuesti\u00f3n ind\u00edgena y la debilidad de las instituciones jur\u00eddico-pol\u00edticas, dibujan un escenario dram\u00e1tico. La tremenda fuerza de este pa\u00eds hermano necesita cauces para plasmar una convivencia que se corresponda con el sentido de la vida y de la historia que representa el gran santuario de Nuestra Se\u00f1ora de Guadalupe. <\/p>\n<p style=\"text-align: justify;\">Cracovia espera en julio a Francisco para la Jornada Mundial de la Juventud. La JMJ volver\u00e1 a tener un sabor europeo en un momento crucial para el continente, con tambores de guerra no demasiado lejos, en el este de Ucrania; con el horror f\u00edsico y el bloqueo cultural provocado por los atentados en Par\u00eds, y con la opini\u00f3n oscilante entre la acogida y el rechazo ante la marea de los refugiados procedentes del Medio Oriente y \u00c1frica. A esta bella ciudad, ligada para siempre a la fe y el coraje de Karol Wojtyla, llegar\u00e1 Francisco con el Premio Carlomagno reci\u00e9n otorgado. La Europa cansada y perpleja necesita recobrar su aliento, y muchos ojos se vuelven al Papa (como tantas veces en la historia europea) esperando\u2026<\/p>\n<p style=\"text-align: justify;\">\u00a0Les invito a dibujar el tri\u00e1ngulo formado por Beirut, Alepo y Mosul. El tri\u00e1ngulo del martirio en el siglo XXI. No es probable que Francisco pueda hacerse presente durante 2016 en esas tierras amadas, y sin embargo all\u00ed reside una parte preciosa del coraz\u00f3n de la Iglesia: por eso, de mil formas, ser\u00e1 necesario bombear la sangre a esta porci\u00f3n dolorida de nuestro Cuerpo, de cuyo futuro quiz\u00e1s dependen tantas cosas.<\/p>\n<p style=\"text-align: justify;\">2016 ver\u00e1 tambi\u00e9n la canonizaci\u00f3n de Madre Teresa, imagen potente de la misericordia que Francisco se\u00f1ala como viga maestra de todo el edificio cristiano. Misericordia y misi\u00f3n, que en su vida reconocemos entretejidas en una t\u00fanica sin costuras. \u00bfTal vez la cita pueda ser en Calcuta? As\u00ed lo desean los obispos de la India. Las dificultades son muchas, pero ser\u00eda una apoteosis de la santidad en medio de los m\u00e1s pobres.<\/p>\n<p style=\"text-align: justify;\">En fin, veremos qu\u00e9 sucede en China, donde los cristianos siguen escribiendo p\u00e1ginas apenas conocidas pero llenas de una fe l\u00edmpida y valerosa. Dejen abierto el mapa, con un l\u00e1piz rojo a mano, por si acaso.<\/p>\n<p style=\"text-align: justify;\">\n","protected":false},"excerpt":{"rendered":"<p>Cartograf\u00eda para 2016, por Jos\u00e9 Luis Rest\u00e1n, director editorial de la Cadena Cope, en Alfa y Omega del 7\/1\/2016 La br\u00fajula eclesial de 2016 apunta inmediatamente a M\u00e9xico, un pa\u00eds apasionante, volc\u00e1nico y atormentado, que espera la visita del primer Papa latinoamericano de la historia. El fervor en la calle est\u00e1 m\u00e1s que asegurado, pero &hellip; <a href=\"https:\/\/www.biblia.work\/sermones\/cartografia-para-2016-por-jose-luis-restan-director-editorial-de-la-cadena-cope-en-alfa-y-omega-del-712016\/\" class=\"more-link\">Continuar leyendo<span class=\"screen-reader-text\"> \u00abCartograf\u00eda para 2016, por Jos\u00e9 Luis Rest\u00e1n, director editorial de la Cadena Cope, en Alfa y Omega del 7\/1\/2016\u00bb<\/span><\/a><\/p>\n","protected":false},"author":1,"featured_media":0,"comment_status":"open","ping_status":"closed","sticky":false,"template":"","format":"standard","meta":{"footnotes":""},"categories":[1],"tags":[],"class_list":["post-35172","post","type-post","status-publish","format-standard","hentry","category-general"],"_links":{"self":[{"href":"https:\/\/www.biblia.work\/sermones\/wp-json\/wp\/v2\/posts\/35172","targetHints":{"allow":["GET"]}}],"collection":[{"href":"https:\/\/www.biblia.work\/sermones\/wp-json\/wp\/v2\/posts"}],"about":[{"href":"https:\/\/www.biblia.work\/sermones\/wp-json\/wp\/v2\/types\/post"}],"author":[{"embeddable":true,"href":"https:\/\/www.biblia.work\/sermones\/wp-json\/wp\/v2\/users\/1"}],"replies":[{"embeddable":true,"href":"https:\/\/www.biblia.work\/sermones\/wp-json\/wp\/v2\/comments?post=35172"}],"version-history":[{"count":0,"href":"https:\/\/www.biblia.work\/sermones\/wp-json\/wp\/v2\/posts\/35172\/revisions"}],"wp:attachment":[{"href":"https:\/\/www.biblia.work\/sermones\/wp-json\/wp\/v2\/media?parent=35172"}],"wp:term":[{"taxonomy":"category","embeddable":true,"href":"https:\/\/www.biblia.work\/sermones\/wp-json\/wp\/v2\/categories?post=35172"},{"taxonomy":"post_tag","embeddable":true,"href":"https:\/\/www.biblia.work\/sermones\/wp-json\/wp\/v2\/tags?post=35172"}],"curies":[{"name":"wp","href":"https:\/\/api.w.org\/{rel}","templated":true}]}}