{"id":35175,"date":"2016-06-21T00:05:09","date_gmt":"2016-06-21T05:05:09","guid":{"rendered":"http:\/\/www.biblia.work\/sermones\/de-la-solidaridad-a-la-fraternidad-por-jose-roman-flecha-andres-en-diario-de-leon-9-1-2016\/"},"modified":"2016-06-21T00:05:09","modified_gmt":"2016-06-21T05:05:09","slug":"de-la-solidaridad-a-la-fraternidad-por-jose-roman-flecha-andres-en-diario-de-leon-9-1-2016","status":"publish","type":"post","link":"https:\/\/www.biblia.work\/sermones\/de-la-solidaridad-a-la-fraternidad-por-jose-roman-flecha-andres-en-diario-de-leon-9-1-2016\/","title":{"rendered":"De la solidaridad a la fraternidad, por Jos\u00e9-Rom\u00e1n Flecha Andr\u00e9s, en Diario de Le\u00f3n (9-1-2016)"},"content":{"rendered":"<p align=\"justify\">&nbsp;<\/p>\n<p style=\"text-align: justify;\"><strong>De la solidaridad a la fraternidad, por Jos\u00e9-Rom\u00e1n Flecha Andr\u00e9s, en Diario de Le\u00f3n (9-1-2016)<\/strong><\/p>\n<p style=\"text-align: justify;\">En el mensaje para la Jornada Mundial de la Paz de este a\u00f1o 2016 el papa Francisco ha denunciado la presencia de la indiferencia en nuestros corazones y en nuestras comunidades. Indiferencia hacia Dios que, irremediablemente, se traduce en indiferencia hacia los dem\u00e1s.<\/p>\n<p style=\"text-align: justify;\">El mensaje recuerda el texto b\u00edblico sobre Ca\u00edn y Abel para invitarnos a vivir la fraternidad. Tambi\u00e9n nos recuerda la par\u00e1bola del buen samaritano. Con ella Jes\u00fas exhorta a sus disc\u00edpulos a no \u201cdetenerse ante los sufrimientos de este mundo para aliviarlos, ante las heridas de los dem\u00e1s para curarlas\u201d.<\/p>\n<p style=\"text-align: justify;\">El mensaje nos recuerda que la misericordia refleja el coraz\u00f3n mismo de Dios. \u201cPor ello debe ser tambi\u00e9n el coraz\u00f3n de todos los que se reconocen miembros de la \u00fanica gran familia de sus hijos; un coraz\u00f3n que bate fuerte all\u00ed donde la dignidad humana -reflejo del rostro de Dios en sus creaturas- est\u00e9 en juego\u201d.<\/p>\n<p style=\"text-align: justify;\">Se requiere una conversi\u00f3n del coraz\u00f3n para vivir la solidaridad, esa \u201cactitud moral y social que mejor responde a la toma de conciencia de las heridas de nuestro tiempo y de la innegable interdependencia que aumenta cada vez m\u00e1s, especialmente en un mundo globalizado\u201d.<\/p>\n<p style=\"text-align: justify;\">Ante la amenaza de la globalizaci\u00f3n de la indiferencia, todos hemos de colaborar en la promoci\u00f3n de una cultura de la solidaridad. Seg\u00fan el Papa hay muchas personas y asociaciones que \u201cayudan a los emigrantes que atraviesan desiertos y surcan los mares en busca de mejores condiciones de vida. Estas acciones son obras de misericordia, corporales y espirituales, sobre las que seremos juzgados al t\u00e9rmino de nuestra vida\u201d.<\/p>\n<p style=\"text-align: justify;\">Entre las personas que prestan ayuda a los refugiados, a las minor\u00edas \u00e9tnicas y religiosas, anota \u00e9l que \u201chay tambi\u00e9n muchos sacerdotes y misioneros que, como buenos pastores, permanecen junto a sus fieles y los sostienen a pesar de los peligros y dificultades, de modo particular durante los conflictos armados\u201d.<\/p>\n<p style=\"text-align: justify;\">La superaci\u00f3n de la indiferencia genera la solidaridad y esta es el camino para la paz. \u201cEn el esp\u00edritu del Jubileo de la Misericordia, cada uno est\u00e1 llamado a reconocer c\u00f3mo se manifiesta la indiferencia en la propia vida, y a adoptar un compromiso concreto para contribuir a mejorar la realidad donde vive\u201d.<\/p>\n<p style=\"text-align: justify;\">El mensaje toca algunos grupos concretos de las personas m\u00e1s fr\u00e1giles en la sociedad, como los encarcelados, los emigrantes, los desempleados y los enfermos. En este contexto, el Papa renueva el \u201cllamamiento a las autoridades estatales para abolir la pena de muerte all\u00ed donde est\u00e1 todav\u00eda en vigor, y considerar la posibilidad de una amnist\u00eda\u201d.<\/p>\n<p style=\"text-align: justify;\">La riqueza del mensaje para la Jornada Mundial de la Paz de este a\u00f1o 2016 puede constituir un indispensable manual de reflexi\u00f3n para las personas y las diversas agrupaciones cristianas. El a\u00f1o de la misericordia ha de ayudarnos a todos a intentar superar la tentaci\u00f3n de la indiferencia para vivir en la fraternidad.<\/p>\n<p style=\"text-align: justify;\">Jos\u00e9-Rom\u00e1n Flecha Andr\u00e9s<\/p>\n<p style=\"text-align: justify;\">\n","protected":false},"excerpt":{"rendered":"<p>&nbsp; De la solidaridad a la fraternidad, por Jos\u00e9-Rom\u00e1n Flecha Andr\u00e9s, en Diario de Le\u00f3n (9-1-2016) En el mensaje para la Jornada Mundial de la Paz de este a\u00f1o 2016 el papa Francisco ha denunciado la presencia de la indiferencia en nuestros corazones y en nuestras comunidades. Indiferencia hacia Dios que, irremediablemente, se traduce en &hellip; <a href=\"https:\/\/www.biblia.work\/sermones\/de-la-solidaridad-a-la-fraternidad-por-jose-roman-flecha-andres-en-diario-de-leon-9-1-2016\/\" class=\"more-link\">Continuar leyendo<span class=\"screen-reader-text\"> \u00abDe la solidaridad a la fraternidad, por Jos\u00e9-Rom\u00e1n Flecha Andr\u00e9s, en Diario de Le\u00f3n (9-1-2016)\u00bb<\/span><\/a><\/p>\n","protected":false},"author":1,"featured_media":0,"comment_status":"open","ping_status":"closed","sticky":false,"template":"","format":"standard","meta":{"footnotes":""},"categories":[1],"tags":[],"class_list":["post-35175","post","type-post","status-publish","format-standard","hentry","category-general"],"_links":{"self":[{"href":"https:\/\/www.biblia.work\/sermones\/wp-json\/wp\/v2\/posts\/35175","targetHints":{"allow":["GET"]}}],"collection":[{"href":"https:\/\/www.biblia.work\/sermones\/wp-json\/wp\/v2\/posts"}],"about":[{"href":"https:\/\/www.biblia.work\/sermones\/wp-json\/wp\/v2\/types\/post"}],"author":[{"embeddable":true,"href":"https:\/\/www.biblia.work\/sermones\/wp-json\/wp\/v2\/users\/1"}],"replies":[{"embeddable":true,"href":"https:\/\/www.biblia.work\/sermones\/wp-json\/wp\/v2\/comments?post=35175"}],"version-history":[{"count":0,"href":"https:\/\/www.biblia.work\/sermones\/wp-json\/wp\/v2\/posts\/35175\/revisions"}],"wp:attachment":[{"href":"https:\/\/www.biblia.work\/sermones\/wp-json\/wp\/v2\/media?parent=35175"}],"wp:term":[{"taxonomy":"category","embeddable":true,"href":"https:\/\/www.biblia.work\/sermones\/wp-json\/wp\/v2\/categories?post=35175"},{"taxonomy":"post_tag","embeddable":true,"href":"https:\/\/www.biblia.work\/sermones\/wp-json\/wp\/v2\/tags?post=35175"}],"curies":[{"name":"wp","href":"https:\/\/api.w.org\/{rel}","templated":true}]}}