{"id":35176,"date":"2016-06-21T00:05:13","date_gmt":"2016-06-21T05:05:13","guid":{"rendered":"http:\/\/www.biblia.work\/sermones\/reyes-de-carton\/"},"modified":"2016-06-21T00:05:13","modified_gmt":"2016-06-21T05:05:13","slug":"reyes-de-carton","status":"publish","type":"post","link":"https:\/\/www.biblia.work\/sermones\/reyes-de-carton\/","title":{"rendered":"Reyes de cart\u00f3n"},"content":{"rendered":"<p align=\"justify\"><strong>Reyes de cart\u00f3n<\/strong><\/p>\n<p align=\"justify\">Ayer fue un d\u00eda de aprendizaje, pas\u00e9 parte de la jornada en casa de Jes\u00fas y Angelines, con sus hijos Pablo y Miguel. Nos acompa\u00f1aron tambi\u00e9n \u00c1lvaro, Carmen y Nando. Fue un compartir agradable y enriquecedor. El m\u00e1s activo y dicharachero fue Pablo y quiso tenerme como interlocutor principal, me hizo sentir importante, quedando siempre claro que la casa era suya, pero que podr\u00eda ir a su fiesta de onom\u00e1stica y llevarle &#8220;s\u00f3lo&#8221; un regalo.<\/p>\n<p align=\"justify\">Me revel\u00f3 todas sus riquezas y tesoros: sus juguetes, su habitaci\u00f3n, sus libros, su triciclo&#8230; lo que era su mundo y su ambiente, y deseaba que le acompa\u00f1ara al parque de la hormiga donde estaban los columpios que tanto le gustan. Pero lo que me revel\u00f3 como el secreto, todav\u00eda no acabado, fue la cocina que estaban construyendo su mam\u00e1 y \u00e9l. Todo un haz de cajas de cartones que van siendo colocadas ordenadamente y dando figuras de los complementos bien medidos y construidos, propio de una cocina bien amueblada: mesa, microondas, frigor\u00edfico, lavadero, cocina&#8230; complet\u00edsima. Los fuegos, incluso, eran cds reciclados en buen uso que nos mostraban los cuatro puntos posibles de calor. Me fue mostrando la vida y la realidad de esa cocina inacabada e imaginaria, lo hizo con una maestr\u00eda inigualable, hasta hizo los gestos de dolor propios del que se quema al tocar los fuegos, para indicarme que era aquello que yo pod\u00eda desconocer sobre aquel cuadrado bien articulado. Mi propia imaginaci\u00f3n fue abierta con ternura por sus posturas e indicaciones, qued\u00e9 prendado y prendido por la ilusi\u00f3n que estaba suponiendo para \u00e9l este mundo imaginario que era el m\u00e1s real de los mundos que puede haber en su mundo de vida infantil.<\/p>\n<p align=\"justify\">Y en esta tarde, cuando la mayor\u00eda de la gente que comunican conmigo, me dicen que est\u00e1n de compras como algo propio de las v\u00edsperas de la festividad de los Reyes Mayos, yo recuerdo a Pablo y a su madre Angelines, y les pido a los Reyes un mundo real de cart\u00f3n, de los que se imaginan y se crean a las vez que se sue\u00f1an. E imagino que la Epifan\u00eda viene cargada de unos fuegos que queman como los de esta cocina de cart\u00f3n en el coraz\u00f3n de la humanidad y que cumple deseos y sue\u00f1os de los que habitan en el coraz\u00f3n de este papa anciano, como es Francisco. Fuegos de misericordia, bendici\u00f3n, justicia e igualdad, y pido que me quemen en las entra\u00f1as, como Pablo se quem\u00f3 ayer.<\/p>\n<p align=\"justify\">Imagino esa Iglesia con puertas muy fr\u00e1giles que se abren con mucha facilidad porque quiere ser una Iglesia en la que se pueda entrar y salir con mucha facilidad, porque nadie ata ni reprime, donde se ense\u00f1a a volar muy alto con vuelos muy distintos y bellos. Y ah\u00ed, en ese espacio abierto, quiero cocinar a mano a mano con todos los hermanos bautizados y hombres de buena voluntad guisos que multipliquen dignidad y justicia para todos, especialmente a los m\u00e1s peque\u00f1os. Una Iglesia inacabada e imperfecta porque necesita m\u00e1s manos y m\u00e1s ideas, que a\u00fan no est\u00e1 pintada porque intentamos fabricar el color de la esperanza y de la ilusi\u00f3n, y dicen que hay colores fuera que tienen ese tono y que est\u00e1n dispuestos a adentrarse para hacer un arco iris de verdad y de paz, como le gustaba al Maestro de la vida.<\/p>\n<p align=\"justify\">Y no deseo salir de compras, porque ya quiero lo que Pablo quiere: la cocina imperfecta de cartones porque es la m\u00e1s real, la m\u00e1s suya, la m\u00e1s aut\u00e9ntica. Yo tambi\u00e9n quiero un ministerio real, m\u00edo, aut\u00e9ntico&#8230; y eso lo pido. Pero, sobre todo, quiero seguir haci\u00e9ndolo con todos vosotros los que me permit\u00eds compartir vuestras vidas y quer\u00e9is y cuid\u00e1is tambi\u00e9n la m\u00eda. Y me siento m\u00e1s Melchor que nunca, me abrazo a Gaspar como a un hermano que sabe de justicia, y me postro ante Baltasar porque s\u00e9 que nadie como \u00e9l cocina la igualdad y la fraternidad. Y s\u00ed, s\u00e9 que estos Reyes son de verdad\u2026<br \/>\nJos\u00e9 Moreno Losada. Sacerdote de Badajoz<\/p>\n","protected":false},"excerpt":{"rendered":"<p>Reyes de cart\u00f3n Ayer fue un d\u00eda de aprendizaje, pas\u00e9 parte de la jornada en casa de Jes\u00fas y Angelines, con sus hijos Pablo y Miguel. Nos acompa\u00f1aron tambi\u00e9n \u00c1lvaro, Carmen y Nando. Fue un compartir agradable y enriquecedor. El m\u00e1s activo y dicharachero fue Pablo y quiso tenerme como interlocutor principal, me hizo sentir &hellip; <a href=\"https:\/\/www.biblia.work\/sermones\/reyes-de-carton\/\" class=\"more-link\">Continuar leyendo<span class=\"screen-reader-text\"> \u00abReyes de cart\u00f3n\u00bb<\/span><\/a><\/p>\n","protected":false},"author":1,"featured_media":0,"comment_status":"open","ping_status":"closed","sticky":false,"template":"","format":"standard","meta":{"footnotes":""},"categories":[1],"tags":[],"class_list":["post-35176","post","type-post","status-publish","format-standard","hentry","category-general"],"_links":{"self":[{"href":"https:\/\/www.biblia.work\/sermones\/wp-json\/wp\/v2\/posts\/35176","targetHints":{"allow":["GET"]}}],"collection":[{"href":"https:\/\/www.biblia.work\/sermones\/wp-json\/wp\/v2\/posts"}],"about":[{"href":"https:\/\/www.biblia.work\/sermones\/wp-json\/wp\/v2\/types\/post"}],"author":[{"embeddable":true,"href":"https:\/\/www.biblia.work\/sermones\/wp-json\/wp\/v2\/users\/1"}],"replies":[{"embeddable":true,"href":"https:\/\/www.biblia.work\/sermones\/wp-json\/wp\/v2\/comments?post=35176"}],"version-history":[{"count":0,"href":"https:\/\/www.biblia.work\/sermones\/wp-json\/wp\/v2\/posts\/35176\/revisions"}],"wp:attachment":[{"href":"https:\/\/www.biblia.work\/sermones\/wp-json\/wp\/v2\/media?parent=35176"}],"wp:term":[{"taxonomy":"category","embeddable":true,"href":"https:\/\/www.biblia.work\/sermones\/wp-json\/wp\/v2\/categories?post=35176"},{"taxonomy":"post_tag","embeddable":true,"href":"https:\/\/www.biblia.work\/sermones\/wp-json\/wp\/v2\/tags?post=35176"}],"curies":[{"name":"wp","href":"https:\/\/api.w.org\/{rel}","templated":true}]}}