{"id":35179,"date":"2016-06-21T00:05:31","date_gmt":"2016-06-21T05:05:31","guid":{"rendered":"http:\/\/www.biblia.work\/sermones\/de-magos-y-estrellas-por-fidel-garcia-martinez\/"},"modified":"2016-06-21T00:05:31","modified_gmt":"2016-06-21T05:05:31","slug":"de-magos-y-estrellas-por-fidel-garcia-martinez","status":"publish","type":"post","link":"https:\/\/www.biblia.work\/sermones\/de-magos-y-estrellas-por-fidel-garcia-martinez\/","title":{"rendered":"De magos y estrellas, por Fidel Garc\u00eda Mart\u00ednez"},"content":{"rendered":"<p style=\"text-align: justify;\" align=\"CENTER\"><strong>De magos y estrellas, por Fidel Garc\u00eda Mart\u00ednez<\/strong><\/p>\n<p style=\"text-align: justify;\" align=\"JUSTIFY\">Si alg\u00fan relato de la Infancia de Jes\u00fas ha provocado toda clase de hip\u00f3tesis, incluidas las m\u00e1s descabelladas, ese es el misterioso pasaje de San Mateo de los Magos de Oriente. Cuando el gran Passolini rod\u00f3 su c\u00e9lebre pel\u00edcula <b>Evangelio seg\u00fan San Mateo<\/b> dio una singular importancia a este pasaje, y a pesar de su ideolog\u00eda filo-marxista pens\u00f3 que sin este episodio teol\u00f3gico-hist\u00f3rico, su pel\u00edcula quedaba incompleta.<\/p>\n<p style=\"text-align: justify;\" align=\"JUSTIFY\">Algunas Cabalgatas, teniendo un origen tan rico en contenidos simb\u00f3licos cat\u00f3licos han sido secuestradas por los laicistas sectarios para lucir su provocaci\u00f3n e ignorancia. Ellos pretenden sustituir a todos los protagonistas evang\u00e9licos desde el Ni\u00f1o Jes\u00fas hasta los Magos, pasando por Mar\u00eda Sant\u00edsima y por el Glorioso San Jos\u00e9, y a todos los \u00e1ngeles y pastores. A muchos que afirman que eso de los Magos son leyendas infantiles, les encantar\u00eda que fueran como son, verdad. A muchos te\u00f3logos les molestan y mucho los relatos hist\u00f3ricos-b\u00edblicos de la Infancia de Jes\u00fas, y como no los pueden suprimir de un plumazo, tratan, siguiendo al te\u00f3logo luterano Bultmann, de desmitificarlos; sacrifican el Jes\u00fas de la Historia por el Cristo de la Fe, pero se quedan, sin Jesucristo, verdadero Dios y verdadero Hombre.<\/p>\n<p style=\"text-align: justify;\" align=\"JUSTIFY\"> Los <b>magos,<\/b> de los que habla san Mateo, no lo eran como el adolescente Harry Potter que sacaba su magia negra o blanca, seg\u00fan cuadrasen las piedras. Los Magos de los que habla san Mateo poseen una sabidur\u00eda religiosa y filos\u00f3fica que les pone en camino en busca de la verdad, la sabidur\u00eda del Logos que es Cristo, Camino, Verdad y Vida. Estos personajes no pertenec\u00edan a la clase sacerdotal persa. En los Magos la tradici\u00f3n ha visto, siguiendo el texto del profeta Isa\u00edas, <b> reyes<\/b> que simbolizaban los tres continentes entonces existentes \u00c1frica, Asia Europa. La liturgia de la Iglesia conoce sus nombres y celebra su fiesta como EPIFAN\u00cdA, MANIFESTACI\u00d3N. Nuestro m\u00e1ximo pr\u00f3cer celebraba su onom\u00e1stica, Melchor Gaspar de Jovellanos. Como escribe el Papa em\u00e9rito Benedicto XVI en su \u00faltimo libro Jes\u00fas de Nazaret, dedicado a la Infancia, profundamente teol\u00f3gico y profundamente humano: <b>\u201cLos sabios de Oriente son un inicio, representan a toda la humanidad cuando emprende el camino hacia Cristo, inaugurando un proceso que recorre la Historia\u201d<\/b><\/p>\n<p style=\"text-align: justify;\" align=\"JUSTIFY\">Algo parecido insin\u00faa el gran Rub\u00e9n Dar\u00edo en su m\u00e1ximo poema, YO SOY AQUEL: <b>La virtud est\u00e1 en ser tranquilo y fuerte\/ con el fuego interior todo se abrasa\/ se triunfa del rencor y de la muerte\/ Y HACIA BEL\u00c9N\u2026 \u00a1LA CARAVANA PASA!<\/b><\/p>\n<p style=\"text-align: justify;\" align=\"JUSTIFY\">J. Kepler, padre de la astronom\u00eda, partiendo del a\u00f1o que naci\u00f3 Jesucristo, entre el 7 y 6 a. C. a\u00f1o que se considera hoy m\u00e1s veros\u00edmil, opinaba que la conjunci\u00f3n estelar que se produjo en tiempos de Jes\u00fas era una supernova, una estrella d\u00e9bil o muy lejana en la que se produce una enorme explosi\u00f3n de manera que desarrolla una intensa luminosidad durante. Esta opini\u00f3n es seguida por el mayor te\u00f3logo vivo que es J. Ratzinger. La ciencia y la fe no son contrarias sino complementarias en sus campos respectivos.<\/p>\n<p style=\"text-align: justify;\" align=\"JUSTIFY\">Fidel Garc\u00eda Mart\u00ednez<\/p>\n","protected":false},"excerpt":{"rendered":"<p>De magos y estrellas, por Fidel Garc\u00eda Mart\u00ednez Si alg\u00fan relato de la Infancia de Jes\u00fas ha provocado toda clase de hip\u00f3tesis, incluidas las m\u00e1s descabelladas, ese es el misterioso pasaje de San Mateo de los Magos de Oriente. Cuando el gran Passolini rod\u00f3 su c\u00e9lebre pel\u00edcula Evangelio seg\u00fan San Mateo dio una singular importancia &hellip; <a href=\"https:\/\/www.biblia.work\/sermones\/de-magos-y-estrellas-por-fidel-garcia-martinez\/\" class=\"more-link\">Continuar leyendo<span class=\"screen-reader-text\"> \u00abDe magos y estrellas, por Fidel Garc\u00eda Mart\u00ednez\u00bb<\/span><\/a><\/p>\n","protected":false},"author":1,"featured_media":0,"comment_status":"open","ping_status":"closed","sticky":false,"template":"","format":"standard","meta":{"footnotes":""},"categories":[1],"tags":[],"class_list":["post-35179","post","type-post","status-publish","format-standard","hentry","category-general"],"_links":{"self":[{"href":"https:\/\/www.biblia.work\/sermones\/wp-json\/wp\/v2\/posts\/35179","targetHints":{"allow":["GET"]}}],"collection":[{"href":"https:\/\/www.biblia.work\/sermones\/wp-json\/wp\/v2\/posts"}],"about":[{"href":"https:\/\/www.biblia.work\/sermones\/wp-json\/wp\/v2\/types\/post"}],"author":[{"embeddable":true,"href":"https:\/\/www.biblia.work\/sermones\/wp-json\/wp\/v2\/users\/1"}],"replies":[{"embeddable":true,"href":"https:\/\/www.biblia.work\/sermones\/wp-json\/wp\/v2\/comments?post=35179"}],"version-history":[{"count":0,"href":"https:\/\/www.biblia.work\/sermones\/wp-json\/wp\/v2\/posts\/35179\/revisions"}],"wp:attachment":[{"href":"https:\/\/www.biblia.work\/sermones\/wp-json\/wp\/v2\/media?parent=35179"}],"wp:term":[{"taxonomy":"category","embeddable":true,"href":"https:\/\/www.biblia.work\/sermones\/wp-json\/wp\/v2\/categories?post=35179"},{"taxonomy":"post_tag","embeddable":true,"href":"https:\/\/www.biblia.work\/sermones\/wp-json\/wp\/v2\/tags?post=35179"}],"curies":[{"name":"wp","href":"https:\/\/api.w.org\/{rel}","templated":true}]}}