{"id":35181,"date":"2016-06-21T00:05:39","date_gmt":"2016-06-21T05:05:39","guid":{"rendered":"http:\/\/www.biblia.work\/sermones\/de-la-indiferencia-a-la-paz-por-jose-roman-flecha-andres-en-diario-de-leon-2-1-2016\/"},"modified":"2016-06-21T00:05:39","modified_gmt":"2016-06-21T05:05:39","slug":"de-la-indiferencia-a-la-paz-por-jose-roman-flecha-andres-en-diario-de-leon-2-1-2016","status":"publish","type":"post","link":"https:\/\/www.biblia.work\/sermones\/de-la-indiferencia-a-la-paz-por-jose-roman-flecha-andres-en-diario-de-leon-2-1-2016\/","title":{"rendered":"De la indiferencia a la paz, por Jos\u00e9-Rom\u00e1n Flecha Andr\u00e9s, en Diario de Le\u00f3n (2-1-2016)"},"content":{"rendered":"<p style=\"text-align: justify;\"><strong>De la indiferencia a la paz, por Jos\u00e9-Rom\u00e1n Flecha Andr\u00e9s, en Diario de Le\u00f3n (2-1-2016)<\/strong><\/p>\n<p style=\"text-align: justify;\">Por decisi\u00f3n de Pablo VI el d\u00eda primero del a\u00f1o celebramos una jornada dedicada a reflexionar sobre la paz. En este a\u00f1o 2016, el papa Francisco ha querido dar a su mensaje para la <strong>XLIX Jornada Mundial de la Paz<\/strong> un t\u00edtulo que nos interpela a todos: \u201cVence la indiferencia y conquista la paz\u201d.<\/p>\n<p style=\"text-align: justify;\">El mensaje se abre con una triple confesi\u00f3n de fe: \u201cDios no es indiferente. A Dios le importa la humanidad, Dios no la abandona\u201d. No es ociosa esa proclamaci\u00f3n a la vista de las guerras y de los atentados terroristas que nos han tenido en vilo a lo largo del a\u00f1o precedente.<\/p>\n<p style=\"text-align: justify;\">A pesar de esa dolorida memoria, el Papa nos exhorta a \u201ccustodiar las razones de la esperanza\u201d. Hay que afirmar que el hombre es capaz de superar el mal, con la gracia de Dios, para no caer en la resignaci\u00f3n y en la indiferencia. La indiferencia parece haberse convertido en una de las tentaciones de nuestra era. <\/p>\n<p style=\"text-align: justify;\">Ahora bien, no podemos olvidar que \u201cla primera forma de indiferencia en la sociedad humana es la indiferencia ante Dios, de la cual brota tambi\u00e9n la indiferencia ante el pr\u00f3jimo y ante lo creado\u201d. Nuestra autosuficiencia nos hace creer que somos los autores de nosotros mismos, de forma que nos permitimos prescindir totalmente de Dios. <\/p>\n<p style=\"text-align: justify;\">Seg\u00fan el Papa, \u201cla indiferencia ante el pr\u00f3jimo asume diferentes formas\u201d. Ante la informaci\u00f3n que nos transmiten los medios sobre los dramas que azotan a la humanidad, muchos no se sienten comprometidos, no viven la compasi\u00f3n. \u201cEsta es la actitud de quien sabe, pero tiene la mirada, la mente y la acci\u00f3n dirigida hacia s\u00ed mismo\u201d. <\/p>\n<p style=\"text-align: justify;\">Otras personas \u201cprefieren no informarse y viven su bienestar y su comodidad indiferentes al grito de dolor de la humanidad que sufre\u201d. Cuando estamos bien, olvidamos que otros pueden estar mal. Nuestra comodidad nos anestesia. No sentimos responsabilidad alguna ante los dolores ajenos. <\/p>\n<p style=\"text-align: justify;\">Recordando su propia enc\u00edclica Laudato si\u2019, sobre el respeto a la casa com\u00fan, el Papa anota que \u201cla contaminaci\u00f3n de las aguas y del aire, la explotaci\u00f3n indiscriminada de los bosques, la destrucci\u00f3n del ambiente, son a menudo fruto de la indiferencia del hombre respecto a los dem\u00e1s, porque todo est\u00e1 relacionado\u201d. <\/p>\n<p style=\"text-align: justify;\">Cabe preguntarse si esas actitudes tienen algo que ver con la promoci\u00f3n y defensa de la paz. La respuesta es afirmativa. \u201cLa indiferencia, y la despreocupaci\u00f3n que se deriva, constituyen una grave falta al deber que tiene cada persona de contribuir, en la medida de sus capacidades y del papel que desempe\u00f1a en la sociedad, al bien com\u00fan, de modo particular a la paz, que es uno de los bienes m\u00e1s preciosos de la humanidad\u201d. <\/p>\n<p style=\"text-align: justify;\">Pues bien, en el marco del A\u00f1o Santo de la misericordia, el papa Francisco nos exhorta a una conversi\u00f3n del coraz\u00f3n que nos lleve de la indiferencia a la misericordia. Hemos de superar la misericordia por medio de la solidaridad, y mejor, a\u00fan, del descubrimiento de la fraternidad universal. <\/p>\n<p style=\"text-align: justify;\">Jos\u00e9-Rom\u00e1n Flecha Andr\u00e9s<\/p>\n","protected":false},"excerpt":{"rendered":"<p>De la indiferencia a la paz, por Jos\u00e9-Rom\u00e1n Flecha Andr\u00e9s, en Diario de Le\u00f3n (2-1-2016) Por decisi\u00f3n de Pablo VI el d\u00eda primero del a\u00f1o celebramos una jornada dedicada a reflexionar sobre la paz. En este a\u00f1o 2016, el papa Francisco ha querido dar a su mensaje para la XLIX Jornada Mundial de la Paz &hellip; <a href=\"https:\/\/www.biblia.work\/sermones\/de-la-indiferencia-a-la-paz-por-jose-roman-flecha-andres-en-diario-de-leon-2-1-2016\/\" class=\"more-link\">Continuar leyendo<span class=\"screen-reader-text\"> \u00abDe la indiferencia a la paz, por Jos\u00e9-Rom\u00e1n Flecha Andr\u00e9s, en Diario de Le\u00f3n (2-1-2016)\u00bb<\/span><\/a><\/p>\n","protected":false},"author":1,"featured_media":0,"comment_status":"open","ping_status":"closed","sticky":false,"template":"","format":"standard","meta":{"footnotes":""},"categories":[1],"tags":[],"class_list":["post-35181","post","type-post","status-publish","format-standard","hentry","category-general"],"_links":{"self":[{"href":"https:\/\/www.biblia.work\/sermones\/wp-json\/wp\/v2\/posts\/35181","targetHints":{"allow":["GET"]}}],"collection":[{"href":"https:\/\/www.biblia.work\/sermones\/wp-json\/wp\/v2\/posts"}],"about":[{"href":"https:\/\/www.biblia.work\/sermones\/wp-json\/wp\/v2\/types\/post"}],"author":[{"embeddable":true,"href":"https:\/\/www.biblia.work\/sermones\/wp-json\/wp\/v2\/users\/1"}],"replies":[{"embeddable":true,"href":"https:\/\/www.biblia.work\/sermones\/wp-json\/wp\/v2\/comments?post=35181"}],"version-history":[{"count":0,"href":"https:\/\/www.biblia.work\/sermones\/wp-json\/wp\/v2\/posts\/35181\/revisions"}],"wp:attachment":[{"href":"https:\/\/www.biblia.work\/sermones\/wp-json\/wp\/v2\/media?parent=35181"}],"wp:term":[{"taxonomy":"category","embeddable":true,"href":"https:\/\/www.biblia.work\/sermones\/wp-json\/wp\/v2\/categories?post=35181"},{"taxonomy":"post_tag","embeddable":true,"href":"https:\/\/www.biblia.work\/sermones\/wp-json\/wp\/v2\/tags?post=35181"}],"curies":[{"name":"wp","href":"https:\/\/api.w.org\/{rel}","templated":true}]}}