{"id":35182,"date":"2016-06-21T00:05:43","date_gmt":"2016-06-21T05:05:43","guid":{"rendered":"http:\/\/www.biblia.work\/sermones\/el-belen-del-sanatorio-maritimo-de-gijon-por-fidel-garcia-martinez\/"},"modified":"2016-06-21T00:05:43","modified_gmt":"2016-06-21T05:05:43","slug":"el-belen-del-sanatorio-maritimo-de-gijon-por-fidel-garcia-martinez","status":"publish","type":"post","link":"https:\/\/www.biblia.work\/sermones\/el-belen-del-sanatorio-maritimo-de-gijon-por-fidel-garcia-martinez\/","title":{"rendered":"El Bel\u00e9n del sanatorio mar\u00edtimo de Gij\u00f3n, por Fidel Garc\u00eda Mart\u00ednez"},"content":{"rendered":"<p style=\"text-align: justify;\" align=\"CENTER\"><strong>El Bel\u00e9n del sanatorio mar\u00edtimo de Gij\u00f3n, por Fidel Garc\u00eda Mart\u00ednez\u00a0<\/strong><\/p>\n<p style=\"text-align: justify;\" align=\"JUSTIFY\">Los Hermanos de San Juan de Dios (<b>hermanos del hacer el bien<\/b>), una de las instituciones m\u00e1s queridas de todos los gijoneses, incluidos aquellos que miran para otra parte a la hora de reconocer la intensa labor de la Iglesia Cat\u00f3lica en favor de los m\u00e1s necesitados, han echado el resto para ofrecer a todos los que quieren acercarse al Sanatorio Mar\u00edtimo, un <b>Bel\u00e9n<\/b>, dentro de su sencillez, monumental.<\/p>\n<p style=\"text-align: justify;\" align=\"JUSTIFY\">Siempre su<b> bel\u00e9n<\/b> desde que vinieron a Gij\u00f3n en 1945 ha sido uno de los m\u00e1s valorados, pero este a\u00f1o se han superado, lo que parec\u00eda un reto casi imposible. La ocasi\u00f3n lo merec\u00eda porque despu\u00e9s de 70 a\u00f1os han sido galardonados con uno de los premios m\u00e1s prestigioso del Mundo: <b>El Princesa de Asturias de la Concordia 2015<\/b>, por su enorme labor asistencial con los m\u00e1s desfavorecidos; atiende los m\u00e1s de mil hermanos a 27 millones de personas. Dos de sus hospitales en \u00c1frica fueron los pioneros en la lucha contra la epidemia de \u00e9bola. En Gij\u00f3n atienden a personas con discapacidad intelectual en tres \u00e1reas: educativa, residencial y ocupacional.<\/p>\n<p style=\"text-align: justify;\" align=\"JUSTIFY\">Con este <b>Bel\u00e9n<\/b> los hijos de San Juan de Dios quieren agradecer a todos los gijoneses su ayuda y su estima. Antes de entrar en la zona del Bel\u00e9n, una pantalla de televisi\u00f3n ofrece a los visitantes el momento en que el Rey Felipe VI, en nombre de su hija la Princesa de Asturias, les concede el prestigioso galard\u00f3n. Una vez dentro el visitante admira aquella obra de arte b\u00edblico en la que nada falta ni nada sobra, all\u00ed est\u00e1n todos los protagonistas evang\u00e9licos nada desdice de los tiempos en los que tuvo lugar el Nacimiento de Jes\u00fas en Bel\u00e9n. Un pueblo con sus vecinos en sus distintas labores cotidianas; con sus fuentes y con sus suaves monta\u00f1as; el ir y venir por sus calles. Todo est\u00e1 orientado hacia el portal de Bel\u00e9n, especialmente las luces- una licencia tecnol\u00f3gica- con sus reflejos del anochecer y el amanecer, que con la m\u00fasica envolvente trasladan a los visitantes a los tiempos en los que se produjo el Misterio del Nacimiento. Llama la atenci\u00f3n m\u00e1s que la inocencia de los ni\u00f1os, la emoci\u00f3n de los mayores, quienes con sus m\u00f3viles quieren dejar constancia de su retorno por breves instantes, de su nostalgia. \u00a1Muchas gracias- <b>hermanos del hacer el bien<\/b>&#8211; por vuestro BEL\u00c9N!<\/p>\n<p style=\"text-align: justify;\" align=\"JUSTIFY\">Fidel Garc\u00eda Mart\u00ednez<\/p>\n<p style=\"text-align: justify;\" align=\"JUSTIFY\"> PD. Este art\u00edculo ha sido publicado en el diario asturiano, <b>La Nueva Espa\u00f1a<\/b> ( Edici\u00f3n Gij\u00f3n)<\/p>\n","protected":false},"excerpt":{"rendered":"<p>El Bel\u00e9n del sanatorio mar\u00edtimo de Gij\u00f3n, por Fidel Garc\u00eda Mart\u00ednez\u00a0 Los Hermanos de San Juan de Dios (hermanos del hacer el bien), una de las instituciones m\u00e1s queridas de todos los gijoneses, incluidos aquellos que miran para otra parte a la hora de reconocer la intensa labor de la Iglesia Cat\u00f3lica en favor de &hellip; <a href=\"https:\/\/www.biblia.work\/sermones\/el-belen-del-sanatorio-maritimo-de-gijon-por-fidel-garcia-martinez\/\" class=\"more-link\">Continuar leyendo<span class=\"screen-reader-text\"> \u00abEl Bel\u00e9n del sanatorio mar\u00edtimo de Gij\u00f3n, por Fidel Garc\u00eda Mart\u00ednez\u00bb<\/span><\/a><\/p>\n","protected":false},"author":1,"featured_media":0,"comment_status":"open","ping_status":"closed","sticky":false,"template":"","format":"standard","meta":{"footnotes":""},"categories":[1],"tags":[],"class_list":["post-35182","post","type-post","status-publish","format-standard","hentry","category-general"],"_links":{"self":[{"href":"https:\/\/www.biblia.work\/sermones\/wp-json\/wp\/v2\/posts\/35182","targetHints":{"allow":["GET"]}}],"collection":[{"href":"https:\/\/www.biblia.work\/sermones\/wp-json\/wp\/v2\/posts"}],"about":[{"href":"https:\/\/www.biblia.work\/sermones\/wp-json\/wp\/v2\/types\/post"}],"author":[{"embeddable":true,"href":"https:\/\/www.biblia.work\/sermones\/wp-json\/wp\/v2\/users\/1"}],"replies":[{"embeddable":true,"href":"https:\/\/www.biblia.work\/sermones\/wp-json\/wp\/v2\/comments?post=35182"}],"version-history":[{"count":0,"href":"https:\/\/www.biblia.work\/sermones\/wp-json\/wp\/v2\/posts\/35182\/revisions"}],"wp:attachment":[{"href":"https:\/\/www.biblia.work\/sermones\/wp-json\/wp\/v2\/media?parent=35182"}],"wp:term":[{"taxonomy":"category","embeddable":true,"href":"https:\/\/www.biblia.work\/sermones\/wp-json\/wp\/v2\/categories?post=35182"},{"taxonomy":"post_tag","embeddable":true,"href":"https:\/\/www.biblia.work\/sermones\/wp-json\/wp\/v2\/tags?post=35182"}],"curies":[{"name":"wp","href":"https:\/\/api.w.org\/{rel}","templated":true}]}}