{"id":35186,"date":"2016-06-21T00:06:05","date_gmt":"2016-06-21T05:06:05","guid":{"rendered":"http:\/\/www.biblia.work\/sermones\/la-poesia-navidena-de-santa-teresa-de-jesus-por-fidel-garcia-martinez\/"},"modified":"2016-06-21T00:06:05","modified_gmt":"2016-06-21T05:06:05","slug":"la-poesia-navidena-de-santa-teresa-de-jesus-por-fidel-garcia-martinez","status":"publish","type":"post","link":"https:\/\/www.biblia.work\/sermones\/la-poesia-navidena-de-santa-teresa-de-jesus-por-fidel-garcia-martinez\/","title":{"rendered":"La poes\u00eda navide\u00f1a de santa Teresa de Jes\u00fas, por Fidel Garc\u00eda Mart\u00ednez"},"content":{"rendered":"<p align=\"justify\"><strong>La poes\u00eda navide\u00f1a de santa Teresa de Jes\u00fas, por Fidel Garc\u00eda Mart\u00ednez<\/strong><\/p>\n<p align=\"justify\">Aunque con menos intensidad y extensi\u00f3n que la obra en prosa, Santa Teresa compuso algunos poemas de gran emoci\u00f3n l\u00edrica.\u00a0 No es una poetisa profesional\u00a0 y tampoco se preocupa por cuestiones t\u00e9cnicas como puede ser la rima, el c\u00f3mputo sil\u00e1bico o el tipo de estrofa y poema.<\/p>\n<p align=\"justify\">Pero\u00a0 es autora del algunos poemas nacidas al color po\u00e9tico de la experiencia m\u00edstica: ella mismo Nos confiesa: <strong><em>\u201cYo s\u00e9 de persona, que con no\u00a0 ser poeta, \u00a0le acaec\u00eda hacer de presto coplas muy sentidas, declarando su pena bien, no hechas de su entendimiento\u201d<\/em><\/strong> En efecto\u00a0 Santa Teresa es un claro exponente de lo que se conoce como misticismo afectivo fruto de una experiencia sublime, como es caso de San Juan de la Cruz, que\u00a0 une experiencia sublime\u00a0 con la cima\u00a0 la expresi\u00f3n l\u00edrica. Las\u00a0 eternas preguntas sobre: \u00bfel poeta nace o se hace? O \u00bfinspiraci\u00f3n vs t\u00e9cnica? Tienen en Santa Teresa y en san Juan de la Cruz respuestas complementarias no contradictorias<\/p>\n<p align=\"justify\">Sus compa\u00f1eras de viajes fundacionales afirman que la Santa con frecuencia, las entreten\u00eda unas veces con sus grandes dotes para la conversaci\u00f3n, otras componiendo coplas muy buenas porque las sab\u00eda hacer muy bien\u201d.<\/p>\n<p align=\"justify\">Por eso la poes\u00eda teresiana, de la que se conserva muy poca, se suele clasificar: como poes\u00eda nacida\u00a0 al calor de una experiencia m\u00edstica (l\u00edrica m\u00edstica) Ejemplo<strong><em>: \/Vivo sin vivir en m\u00ed y tan alta vida espero que muero, porque no muero\/<\/em><\/strong> O tambi\u00e9n: <strong><em>Vuestra soy para vos nac\u00ed \/ que mand\u00e1is hacer de m\u00ed\/.<\/em><\/strong><\/p>\n<p align=\"justify\">Un segundo grupo nacido al calor de las fiestas lit\u00fargicas: especialmente villancicos de\u00a0 Navidad, que tanto se cultiv\u00f3 en el Carmelo desde el tiempo de las Fundaciones Teresianas. Ella dej\u00f3 como herencia a sus hijas una veneraci\u00f3n especial hacia los misterios de la infancia de Jes\u00fas: Nacimiento, Adoraci\u00f3n de los Sabios de Orientes\u00a0 (Reyes Magos) el Santo Nombre de Jes\u00fas.\u00a0 En todos los conventos femeninos viven\u00a0 y han vivido religiosas especialmente dotadas para la l\u00edrica navide\u00f1a. En todos los Carmelos femeninos el titular suele ser San Jos\u00e9, como padre legal de Jes\u00fas, representado como un ni\u00f1o indefenso y vestido con originales y vestido. En estas fiestas Santa Teresa compon\u00eda versos que cantaba con sus monjas llevando el rimo con las manos o tocando instrumentos tradicionales como la pandereta o le tambor.<\/p>\n<p align=\"justify\">La obra po\u00e9tica de Santa Teresa se ha perdido pero dej\u00f3 en el Carmelo Femenino una rica tradici\u00f3n po\u00e9tica seguida por sus hijas entre las que destaca San Teresita del Ni\u00f1o Jes\u00fas, especialmente dotada para la l\u00edrica m\u00edstica.<\/p>\n<p align=\"justify\">&nbsp;<\/p>\n<p align=\"justify\">&nbsp;<\/p>\n","protected":false},"excerpt":{"rendered":"<p>La poes\u00eda navide\u00f1a de santa Teresa de Jes\u00fas, por Fidel Garc\u00eda Mart\u00ednez Aunque con menos intensidad y extensi\u00f3n que la obra en prosa, Santa Teresa compuso algunos poemas de gran emoci\u00f3n l\u00edrica.\u00a0 No es una poetisa profesional\u00a0 y tampoco se preocupa por cuestiones t\u00e9cnicas como puede ser la rima, el c\u00f3mputo sil\u00e1bico o el tipo &hellip; <a href=\"https:\/\/www.biblia.work\/sermones\/la-poesia-navidena-de-santa-teresa-de-jesus-por-fidel-garcia-martinez\/\" class=\"more-link\">Continuar leyendo<span class=\"screen-reader-text\"> \u00abLa poes\u00eda navide\u00f1a de santa Teresa de Jes\u00fas, por Fidel Garc\u00eda Mart\u00ednez\u00bb<\/span><\/a><\/p>\n","protected":false},"author":1,"featured_media":0,"comment_status":"open","ping_status":"closed","sticky":false,"template":"","format":"standard","meta":{"footnotes":""},"categories":[1],"tags":[],"class_list":["post-35186","post","type-post","status-publish","format-standard","hentry","category-general"],"_links":{"self":[{"href":"https:\/\/www.biblia.work\/sermones\/wp-json\/wp\/v2\/posts\/35186","targetHints":{"allow":["GET"]}}],"collection":[{"href":"https:\/\/www.biblia.work\/sermones\/wp-json\/wp\/v2\/posts"}],"about":[{"href":"https:\/\/www.biblia.work\/sermones\/wp-json\/wp\/v2\/types\/post"}],"author":[{"embeddable":true,"href":"https:\/\/www.biblia.work\/sermones\/wp-json\/wp\/v2\/users\/1"}],"replies":[{"embeddable":true,"href":"https:\/\/www.biblia.work\/sermones\/wp-json\/wp\/v2\/comments?post=35186"}],"version-history":[{"count":0,"href":"https:\/\/www.biblia.work\/sermones\/wp-json\/wp\/v2\/posts\/35186\/revisions"}],"wp:attachment":[{"href":"https:\/\/www.biblia.work\/sermones\/wp-json\/wp\/v2\/media?parent=35186"}],"wp:term":[{"taxonomy":"category","embeddable":true,"href":"https:\/\/www.biblia.work\/sermones\/wp-json\/wp\/v2\/categories?post=35186"},{"taxonomy":"post_tag","embeddable":true,"href":"https:\/\/www.biblia.work\/sermones\/wp-json\/wp\/v2\/tags?post=35186"}],"curies":[{"name":"wp","href":"https:\/\/api.w.org\/{rel}","templated":true}]}}