{"id":35191,"date":"2016-06-21T00:06:32","date_gmt":"2016-06-21T05:06:32","guid":{"rendered":"http:\/\/www.biblia.work\/sermones\/el-fenomeno-del-nino\/"},"modified":"2016-06-21T00:06:32","modified_gmt":"2016-06-21T05:06:32","slug":"el-fenomeno-del-nino","status":"publish","type":"post","link":"https:\/\/www.biblia.work\/sermones\/el-fenomeno-del-nino\/","title":{"rendered":"El fen\u00f3meno del Ni\u00f1o"},"content":{"rendered":"<p align=\"justify\"><strong>El fen\u00f3meno del Ni\u00f1o<\/strong><\/p>\n<p align=\"justify\">Han transcurrido varios meses desde que se anunci\u00f3 la llegada del fen\u00f3meno del Ni\u00f1o. Pero no acaba de llegar, lo cual es comprensible, pues los ni\u00f1os no llegan de la noche a la ma\u00f1ana. Aunque hay algunos m\u00e1s apurados que llegan a los 7 meses, la mayor\u00eda tardan nueve desde su anuncio hasta su nacimiento. La verdad es que no tenemos prisa en verle su carita, pues es un Ni\u00f1o no deseado, por lo que m\u00e1s que esperado, es temido. <\/p>\n<p align=\"justify\">De este Ni\u00f1o se nos dijo que muy probablemente iba a ser fuerte, muy fuerte. Un Ni\u00f1o terrible, como su abuelo del 83 y su padre del 98. Sin duda es una familia violenta que provoca inseguridad ciudadana. Somos conscientes de que la presencia de sus antepasados caus\u00f3 inundaciones, destrozos de caminos y carreteras, da\u00f1os en viviendas, cosechas malogradas\u2026 en resumen, a su paso dejaron un ecosistema herido.<\/p>\n<p align=\"justify\">Si bien es cierto que \u00faltimamente nos llegan noticias m\u00e1s tranquilizadoras afirmando que son menores las posibilidades de que sea un Ni\u00f1o cargado de fiereza, no obstante, si uno sabe que van a venir a atacarle, prepara sus defensas. Esto es lo que estamos haciendo, m\u00e1s a\u00fan teniendo en cuenta los antecedentes vividos. De ah\u00ed que se est\u00e9 llevando a cabo la limpieza de r\u00edos y quebradas.<\/p>\n<p align=\"justify\">Es propicia la ocasi\u00f3n para que cada cual d\u00e9 una repasadita a sus tejados y realice en sus casas y chacras los arreglos oportunos. Bueno ser\u00eda que nos concienciemos en la necesidad del cuidado del agua y de los lugares p\u00fablicos. Los cauces de los r\u00edos son espacio para el agua, no botadero de basura.<\/p>\n<p align=\"justify\">Deseable es que, por una parte, el Ni\u00f1o nos encuentre preparados y, por otra, se vaya cuanto antes, pues los seres destructores no son objeto de deseo.<\/p>\n<p align=\"justify\">\u00a1QU\u00c9 FEN\u00d3MENO DE NI\u00d1O!<\/p>\n<p align=\"justify\">Si el anterior no la era, ahora s\u00ed hablamos de un Ni\u00f1o deseado, largamente esperado. Muchas generaciones de oriente murieron con las ganas de contemplar su llegada. Hasta que en medio de un ambiente donde reinaban la pobreza y la debilidad se oy\u00f3 el anuncio gozoso: \u201cHoy les ha nacido un Salvador, el Mes\u00edas, el Se\u00f1or\u201d.<\/p>\n<p align=\"justify\">Llega el Ni\u00f1o. \u00a1Qu\u00e9 Ni\u00f1o! Ser\u00e1 la luz que sofoca las tinieblas, el agua que colma la sed de felicidad, la puerta que da acceso a otra manera de entender la vida, el camino que lleva hasta el necesitado, la resurrecci\u00f3n que prolonga lo bello de la existencia entregada. No es extra\u00f1o que ante un Ni\u00f1o as\u00ed, se den la mano el cielo y la tierra, la luz y las tinieblas, los \u00e1ngeles y los pastores, los nacionales y los magos extranjeros, el oro con el incienso y hasta la mirra, de la que no sabemos ni lo que es, pero que no quiere perderse la fiesta. Con \u00e9l todo se unifica, brota la vida, surge la alegr\u00eda.<\/p>\n<p align=\"justify\">Ante su anuncio, la Iglesia se viste de adviento, de espera, de encuentro. Recibirlo desde la gratuidad y acogerlo desde el misterio, como hicieron su madre y Jos\u00e9, supone abrir nuestra existencia al amor, la ternura, la solidaridad, el servicio. As\u00ed se va produciendo el milagro de la salvaci\u00f3n, de la llegada de un mundo nuevo donde habite la justicia.<\/p>\n<p align=\"justify\">Acojamos entusiasmados a este Ni\u00f1o, que hace visible a Dios envuelto en pa\u00f1ales de misericordia.<\/p>\n<p align=\"justify\">Por Antonio S\u00e1enz- Misionero Extreme\u00f1o Desde Celend\u00edn (Cajamarca-Per\u00fa)<\/p>\n","protected":false},"excerpt":{"rendered":"<p>El fen\u00f3meno del Ni\u00f1o Han transcurrido varios meses desde que se anunci\u00f3 la llegada del fen\u00f3meno del Ni\u00f1o. Pero no acaba de llegar, lo cual es comprensible, pues los ni\u00f1os no llegan de la noche a la ma\u00f1ana. Aunque hay algunos m\u00e1s apurados que llegan a los 7 meses, la mayor\u00eda tardan nueve desde su &hellip; <a href=\"https:\/\/www.biblia.work\/sermones\/el-fenomeno-del-nino\/\" class=\"more-link\">Continuar leyendo<span class=\"screen-reader-text\"> \u00abEl fen\u00f3meno del Ni\u00f1o\u00bb<\/span><\/a><\/p>\n","protected":false},"author":1,"featured_media":0,"comment_status":"open","ping_status":"closed","sticky":false,"template":"","format":"standard","meta":{"footnotes":""},"categories":[1],"tags":[],"class_list":["post-35191","post","type-post","status-publish","format-standard","hentry","category-general"],"_links":{"self":[{"href":"https:\/\/www.biblia.work\/sermones\/wp-json\/wp\/v2\/posts\/35191","targetHints":{"allow":["GET"]}}],"collection":[{"href":"https:\/\/www.biblia.work\/sermones\/wp-json\/wp\/v2\/posts"}],"about":[{"href":"https:\/\/www.biblia.work\/sermones\/wp-json\/wp\/v2\/types\/post"}],"author":[{"embeddable":true,"href":"https:\/\/www.biblia.work\/sermones\/wp-json\/wp\/v2\/users\/1"}],"replies":[{"embeddable":true,"href":"https:\/\/www.biblia.work\/sermones\/wp-json\/wp\/v2\/comments?post=35191"}],"version-history":[{"count":0,"href":"https:\/\/www.biblia.work\/sermones\/wp-json\/wp\/v2\/posts\/35191\/revisions"}],"wp:attachment":[{"href":"https:\/\/www.biblia.work\/sermones\/wp-json\/wp\/v2\/media?parent=35191"}],"wp:term":[{"taxonomy":"category","embeddable":true,"href":"https:\/\/www.biblia.work\/sermones\/wp-json\/wp\/v2\/categories?post=35191"},{"taxonomy":"post_tag","embeddable":true,"href":"https:\/\/www.biblia.work\/sermones\/wp-json\/wp\/v2\/tags?post=35191"}],"curies":[{"name":"wp","href":"https:\/\/api.w.org\/{rel}","templated":true}]}}