{"id":35205,"date":"2016-06-21T00:07:46","date_gmt":"2016-06-21T05:07:46","guid":{"rendered":"http:\/\/www.biblia.work\/sermones\/profesionales-por-la-etica-muerte-digna-y-eutanasia-psoe-y-podemos-la-legislaran-ciudadanos-con-matices\/"},"modified":"2016-06-21T00:07:46","modified_gmt":"2016-06-21T05:07:46","slug":"profesionales-por-la-etica-muerte-digna-y-eutanasia-psoe-y-podemos-la-legislaran-ciudadanos-con-matices","status":"publish","type":"post","link":"https:\/\/www.biblia.work\/sermones\/profesionales-por-la-etica-muerte-digna-y-eutanasia-psoe-y-podemos-la-legislaran-ciudadanos-con-matices\/","title":{"rendered":"Profesionales por la \u00c9tica: Muerte digna y eutanasia: PSOE y Podemos la legislar\u00e1n. Ciudadanos, con matices"},"content":{"rendered":"<p style=\"text-align: justify;\"><strong>Muerte digna y eutanasia: PSOE y Podemos la legislar\u00e1n. Ciudadanos, con matices<\/strong><\/p>\n<p align=\"justify\"><strong>VIDA DIGNA analiza los programas electorales<\/strong><\/p>\n<p align=\"justify\">A siete d\u00edas de las elecciones generales que determinar\u00e1n en Espa\u00f1a la l\u00ednea legislativa y de gobierno de los pr\u00f3ximos cuatro a\u00f1os VIDA DIGNA, la iniciativa de Profesionales por la \u00c9tica que aboga por la protecci\u00f3n y el cuidado de los m\u00e1s vulnerables frente a la eutanasia, ha resumido las propuestas de los principales partidos pol\u00edticos sobre eutanasia \u201cmuerte digna\u201d y derechos al final de la vida. Estas son sus conclusiones:<\/p>\n<ul style=\"text-align: justify;\">\n<li><strong>PARTIDO POPULAR. \u00a0<\/strong>El partido que gobierna actualmente ha r<strong>echazado numerosas iniciativas legislativas que pretend\u00edan introducir la eutanasia o pr\u00e1cticas\u00a0eutan\u00e1sicas<\/strong>\u00a0encubiertas como\u00a0\u201cderechos del paciente al final de la vida\u201d. E su Programa electoral no hacen referencia al asunto, si bien alguno de sus dirigentes ha declarado que lo debatir\u00e1n y tomar\u00e1n una decisi\u00f3n en la pr\u00f3xima legislatura.<\/li>\n<li><strong>VOX.\u00a0<\/strong>Este partido emergente apuesta\u00a0decididamente por el rechazo al encarnizamiento terap\u00e9utico, al suicidio asistido y a cualquier procedimiento\u00a0\u201cque menoscabe la dignidad de la persona humana\u201d evitando cualquier tentaci\u00f3n de acabar con cualquier vida humana. Promover\u00e1 un Plan Nacional de Atenci\u00f3n a los Enfermos Cr\u00f3nicos.<\/li>\n<li><strong>PSOE. \u00a0<\/strong>Este Partido ha promovido en las Comunidades Aut\u00f3nomas las conocidas como\u00a0\u201cleyes de muerte digna\u201d que\u00a0abogan por la introducci\u00f3n de pr\u00e1ctica\u00a0eutan\u00e1sicas como el\u00a0<strong>&#8220;derecho a la sedaci\u00f3n\u201d<\/strong>\u00a0en cualquier circunstancia, aunque est\u00e9 contraindicada, as\u00ed como la retirada de la alimentaci\u00f3n y la hidrataci\u00f3n (con la consiguiente muerte) a enfermos y ancianos. En su Programa electoral, los socialistas anuncian que promover\u00e1n un debate pol\u00edtico y social para lograr\u00a0\u201cun amplio consenso\u201d. Pretenden legislar la\u00a0\u201cmuerte digna\u201d que, en la pr\u00e1ctica significa legalizar pr\u00e1cticas\u00a0eutan\u00e1sicas.<\/li>\n<\/ul>\n<ul style=\"text-align: justify;\">\n<li><strong>CIUDADANOS.\u00a0<\/strong>El partido liderado por Albert Rivera reconoce\u00a0\u201cno haber puesto el foco en este tema\u201d. En su programa electoral, sin embargo,se incluyen algunas pr\u00e1cticas (como el derecho a la sedaci\u00f3n terminal o la retirada de tratamientos de soporte vital) que, de no ser aclaradas,\u00a0<strong>podr\u00edan introducir eutanasia encubierta.<\/strong><\/li>\n<li><b>PODEMOS.\u00a0<\/b>Anuncia una\u00a0\u201cley de disponibilidad de la propia vida\u201d y defiende la despenalizaci\u00f3n de la eutanasia.<\/li>\n<li><b>IZQUIERDA UNIDA.\u00a0<\/b>Defiende la despenalizaci\u00f3n de la eutanasia y el suicidio asistido.<\/li>\n<li><\/li>\n<\/ul>\n<p style=\"text-align: justify;\">Para Carlos \u00c1lvarez, portavoz de VIDA DIGNA,\u00a0\u201cresulta evidente que el debate sobre la regulaci\u00f3n legal del final de la vida va a estar presente en la pr\u00f3xima legislatura y conviene que los ciudadanos, antes de votar, lo\u00a0tengan en cuenta. Es\u00a0<strong>lamentable que ning\u00fan Gobierno haya promovido\u00a0<\/strong>(con dotaci\u00f3n presupuestaria) un Plan Nacional de Cuidados Paliativos, que si constituye una demanda social generalizada y no una forma de reingenier\u00eda social inventando\u00a0\u201cderechos&#8221; que no lo son. No es necesario legislar sobre la muerte sino conocer y respetar la Ley ya existente que regula la autonom\u00eda del paciente\u201d.<\/p>\n<p style=\"text-align: justify;\"><strong>PARA M\u00c1S INFORMACI\u00d3N:<\/strong><\/p>\n<p style=\"text-align: justify;\">Teresa Garc\u00eda-Noblejas<\/p>\n<p style=\"text-align: justify;\"><strong>Directora de Comunicaci\u00f3n<\/strong><\/p>\n<p style=\"text-align: justify;\">PROFESIONALES POR LA \u00c9TICA<\/p>\n<p style=\"text-align: justify;\">tgnoblejas@profesionalesetica.org<\/p>\n<p style=\"text-align: justify;\">prensa@profesionalesetica.org<\/p>\n<p align=\"justify\">&nbsp;<\/p>\n<p style=\"text-align: justify;\">Internet:<\/p>\n<p style=\"text-align: justify;\">https:\/\/www.facebook.com\/PpE.Espana?ref=ts<\/p>\n<p style=\"text-align: justify;\">@profesionales<\/p>\n<p style=\"text-align: justify;\">www.profesionalesetica.org<\/p>\n<p style=\"text-align: justify;\">Profesionales por la \u00c9tica es una asociaci\u00f3n inscrita en el Registro de Asociaciones del Ministerio del Interior (Espa\u00f1a) con el n\u00famero nacional 111.456.<\/p>\n<p style=\"text-align: justify;\">Pertenece a la\u00a0OSCE\u00a0y al\u00a0FRP de la Agencia de la Uni\u00f3n Europea para los Derechos Fundamentales (FRA)\u00a0y est\u00e1\u00a0acreditada como ONG ante el Parlamento Europeo. Es asimismo miembro fundador de la\u00a0Euthanasia Prevention Coalition \u2013 Europe\u00a0y de Women of the World. Tambi\u00e9n forma parte de la coaliciones internacionales\u00a0Life is Beautiful\u00a0y\u00a0UN Family Caucus.<\/p>\n","protected":false},"excerpt":{"rendered":"<p>Muerte digna y eutanasia: PSOE y Podemos la legislar\u00e1n. Ciudadanos, con matices VIDA DIGNA analiza los programas electorales A siete d\u00edas de las elecciones generales que determinar\u00e1n en Espa\u00f1a la l\u00ednea legislativa y de gobierno de los pr\u00f3ximos cuatro a\u00f1os VIDA DIGNA, la iniciativa de Profesionales por la \u00c9tica que aboga por la protecci\u00f3n y &hellip; <a href=\"https:\/\/www.biblia.work\/sermones\/profesionales-por-la-etica-muerte-digna-y-eutanasia-psoe-y-podemos-la-legislaran-ciudadanos-con-matices\/\" class=\"more-link\">Continuar leyendo<span class=\"screen-reader-text\"> \u00abProfesionales por la \u00c9tica: Muerte digna y eutanasia: PSOE y Podemos la legislar\u00e1n. Ciudadanos, con matices\u00bb<\/span><\/a><\/p>\n","protected":false},"author":1,"featured_media":0,"comment_status":"open","ping_status":"closed","sticky":false,"template":"","format":"standard","meta":{"footnotes":""},"categories":[1],"tags":[],"class_list":["post-35205","post","type-post","status-publish","format-standard","hentry","category-general"],"_links":{"self":[{"href":"https:\/\/www.biblia.work\/sermones\/wp-json\/wp\/v2\/posts\/35205","targetHints":{"allow":["GET"]}}],"collection":[{"href":"https:\/\/www.biblia.work\/sermones\/wp-json\/wp\/v2\/posts"}],"about":[{"href":"https:\/\/www.biblia.work\/sermones\/wp-json\/wp\/v2\/types\/post"}],"author":[{"embeddable":true,"href":"https:\/\/www.biblia.work\/sermones\/wp-json\/wp\/v2\/users\/1"}],"replies":[{"embeddable":true,"href":"https:\/\/www.biblia.work\/sermones\/wp-json\/wp\/v2\/comments?post=35205"}],"version-history":[{"count":0,"href":"https:\/\/www.biblia.work\/sermones\/wp-json\/wp\/v2\/posts\/35205\/revisions"}],"wp:attachment":[{"href":"https:\/\/www.biblia.work\/sermones\/wp-json\/wp\/v2\/media?parent=35205"}],"wp:term":[{"taxonomy":"category","embeddable":true,"href":"https:\/\/www.biblia.work\/sermones\/wp-json\/wp\/v2\/categories?post=35205"},{"taxonomy":"post_tag","embeddable":true,"href":"https:\/\/www.biblia.work\/sermones\/wp-json\/wp\/v2\/tags?post=35205"}],"curies":[{"name":"wp","href":"https:\/\/api.w.org\/{rel}","templated":true}]}}