{"id":36745,"date":"2016-06-21T10:24:59","date_gmt":"2016-06-21T15:24:59","guid":{"rendered":"http:\/\/www.biblia.work\/sermones\/fallece-el-cardenal-cottier-teologo-emerito-de-la-casa-pontificia\/"},"modified":"2016-06-21T10:24:59","modified_gmt":"2016-06-21T15:24:59","slug":"fallece-el-cardenal-cottier-teologo-emerito-de-la-casa-pontificia","status":"publish","type":"post","link":"https:\/\/www.biblia.work\/sermones\/fallece-el-cardenal-cottier-teologo-emerito-de-la-casa-pontificia\/","title":{"rendered":"Fallece el cardenal Cottier, te\u00f3logo em\u00e9rito de la Casa Pontificia"},"content":{"rendered":"<p style=\"text-align: justify;\"><strong>\u00a0Fallece el cardenal Cottier, te\u00f3logo em\u00e9rito de la Casa Pontificia<\/strong><\/p>\n<p style=\"text-align: justify;\">Ayer jueves fallec\u00eda, a la edad de 93 a\u00f1os, el cardenal <strong>Georges Marie Martin Cottier<\/strong>, dominico, te\u00f3logo em\u00e9rito de la Casa Pontificia. <\/p>\n<p style=\"text-align: justify;\">El Cardenal Cottier naci\u00f3 en Carouge, Ginebra, Suiza, el 25 de abril de 1922. Entr\u00f3 en la Orden de Predicadores (dominicos) en 1945 y fue ordenado sacerdote el 2 de julio de 1951. Se licenci\u00f3 en estudios cl\u00e1sicos y en filosof\u00eda, y se doctor\u00f3 en teolog\u00eda.<\/p>\n<p style=\"text-align: justify;\">En 1962 el cardenal Cottier comenz\u00f3 a ense\u00f1ar en la Facultad de Letras de Ginebra. En 1973, se hizo cargo de algunos cursos en la Universidad de Friburgo. Fue profesor visitante en la Universidad de Montreal, la Universidad del Instituto Cat\u00f3lico de Par\u00eds, la Universidad Cat\u00f3lica del Sagrado Coraz\u00f3n de Mil\u00e1n y la Universidad de Padua.<\/p>\n<p style=\"text-align: justify;\">Particip\u00f3 como experto en el Concilio Vaticano II y fue consultor del Consejo para el Di\u00e1logo con los no creyentes, participando en coloquios de todo el mundo. En 1986 fue nombrado miembro de la Comisi\u00f3n Teol\u00f3gica Internacional y se convirti\u00f3 en su secretario en 1989.<\/p>\n<p style=\"text-align: justify;\">Fue tambi\u00e9n presidente de la comisi\u00f3n hist\u00f3rico-teol\u00f3gica del comit\u00e9 organizador del Gran Jubileo del A\u00f1o 2000. En sus \u00faltimos a\u00f1os colabor\u00f3, como \u201cSenior Editor\u201d, en la revista Nova et Vetera (Ginebra), fundada por el cardenal Journet.<\/p>\n<p style=\"text-align: justify;\">Preconizado Cardenal, fue elegido miembro de la Iglesia titular de Tullia, con el t\u00edtulo personal de arzobispo, el 7 de octubre de 2003 y consagrado el 20 de octubre de ese a\u00f1o. Creado y proclamado Cardenal por Juan Pablo II en el Consistorio del 21 de octubre de 2003, de la Diacon\u00eda de los Santos Domingo y Sixto (la iglesia de la Universidad Santo Tom\u00e1s \u201cAngelicum\u201d).<\/p>\n<p style=\"text-align: justify;\">El 1 de diciembre de 2005 dej\u00f3 su cargo como te\u00f3logo del Papa, siendo sustituido por el dominico fr. Wojciech Giertych.<\/p>\n","protected":false},"excerpt":{"rendered":"<p>\u00a0Fallece el cardenal Cottier, te\u00f3logo em\u00e9rito de la Casa Pontificia Ayer jueves fallec\u00eda, a la edad de 93 a\u00f1os, el cardenal Georges Marie Martin Cottier, dominico, te\u00f3logo em\u00e9rito de la Casa Pontificia. El Cardenal Cottier naci\u00f3 en Carouge, Ginebra, Suiza, el 25 de abril de 1922. Entr\u00f3 en la Orden de Predicadores (dominicos) en 1945 &hellip; <a href=\"https:\/\/www.biblia.work\/sermones\/fallece-el-cardenal-cottier-teologo-emerito-de-la-casa-pontificia\/\" class=\"more-link\">Continuar leyendo<span class=\"screen-reader-text\"> \u00abFallece el cardenal Cottier, te\u00f3logo em\u00e9rito de la Casa Pontificia\u00bb<\/span><\/a><\/p>\n","protected":false},"author":1,"featured_media":0,"comment_status":"open","ping_status":"closed","sticky":false,"template":"","format":"standard","meta":{"footnotes":""},"categories":[1],"tags":[],"class_list":["post-36745","post","type-post","status-publish","format-standard","hentry","category-general"],"_links":{"self":[{"href":"https:\/\/www.biblia.work\/sermones\/wp-json\/wp\/v2\/posts\/36745","targetHints":{"allow":["GET"]}}],"collection":[{"href":"https:\/\/www.biblia.work\/sermones\/wp-json\/wp\/v2\/posts"}],"about":[{"href":"https:\/\/www.biblia.work\/sermones\/wp-json\/wp\/v2\/types\/post"}],"author":[{"embeddable":true,"href":"https:\/\/www.biblia.work\/sermones\/wp-json\/wp\/v2\/users\/1"}],"replies":[{"embeddable":true,"href":"https:\/\/www.biblia.work\/sermones\/wp-json\/wp\/v2\/comments?post=36745"}],"version-history":[{"count":0,"href":"https:\/\/www.biblia.work\/sermones\/wp-json\/wp\/v2\/posts\/36745\/revisions"}],"wp:attachment":[{"href":"https:\/\/www.biblia.work\/sermones\/wp-json\/wp\/v2\/media?parent=36745"}],"wp:term":[{"taxonomy":"category","embeddable":true,"href":"https:\/\/www.biblia.work\/sermones\/wp-json\/wp\/v2\/categories?post=36745"},{"taxonomy":"post_tag","embeddable":true,"href":"https:\/\/www.biblia.work\/sermones\/wp-json\/wp\/v2\/tags?post=36745"}],"curies":[{"name":"wp","href":"https:\/\/api.w.org\/{rel}","templated":true}]}}