{"id":36747,"date":"2016-06-21T10:25:14","date_gmt":"2016-06-21T15:25:14","guid":{"rendered":"http:\/\/www.biblia.work\/sermones\/el-padre-federico-lombardi-recibe-la-condecoracion-mexicana-del-aguila-azteca\/"},"modified":"2016-06-21T10:25:14","modified_gmt":"2016-06-21T15:25:14","slug":"el-padre-federico-lombardi-recibe-la-condecoracion-mexicana-del-aguila-azteca","status":"publish","type":"post","link":"https:\/\/www.biblia.work\/sermones\/el-padre-federico-lombardi-recibe-la-condecoracion-mexicana-del-aguila-azteca\/","title":{"rendered":"El padre Federico Lombardi recibe la condecoraci\u00f3n mexicana del \u00c1guila Azteca"},"content":{"rendered":"<p align=\"justify\"><strong>El padre Federico Lombardi recibe la condecoraci\u00f3n mexicana del \u00c1guila Azteca<\/strong><\/p>\n<p style=\"text-align: justify;\">(RV).- El director de la Oficina de Prensa de la Santa Sede, <strong>el padre Federico Lombardi<\/strong> ha sido condecorado con el Orden mexicana del \u00c1guila Azteca junto al canciller de la Pontificia Academia de las Ciencias y Ciencias Sociales, <strong>monse\u00f1or Marcelo S\u00e1nchez Sorondo<\/strong>; el vicepresidente de la Comisi\u00f3n para Am\u00e9rica Latina, el dr. Guzm\u00e1n Carriquiry; y el inspector general de la gendarmer\u00eda vaticana, el <strong>dr. Domenico Giani.<\/strong><\/p>\n<p align=\"justify\">\n<p style=\"text-align: justify;\">El Embajador de M\u00e9xico ante la Santa Sede, <strong>Mariano Palacios Alcocer<\/strong> explica los detalles a Radio Vaticano:<\/p>\n<p style=\"text-align: justify;\">\u201cEl <strong>\u00c1guila Azteca<\/strong> es la m\u00e1s alta distinci\u00f3n que el Gobierno de M\u00e9xico otorga a los extranjeros que han prestado servicios prominentes a la naci\u00f3n mexicana o a la humanidad, es por lo tanto, un reconocimiento a no mexicanos y es un reconocimiento tanto por la vinculaci\u00f3n directa a M\u00e9xico como para la humanidad en su conjunto\u201d.<\/p>\n<p style=\"text-align: justify;\">\u201cEsta condecoraci\u00f3n fue creada en el a\u00f1o de 1933, tiene ya m\u00e1s de 80 a\u00f1os, y tiene como peculiaridad que el Consejo que otorga la presea est\u00e1 encabezado directamente por el Presidente de la Rep\u00fablica, as\u00ed como por el Secretario o Secretaria de relaciones exteriores y la direcci\u00f3n general del protocolo de la Canciller\u00eda\u201d.<\/p>\n<p style=\"text-align: justify;\">\u201cEn el a\u00f1o 2016 se ha reconocido la importante contribuci\u00f3n que cuatro personalidades han tenido para el fortalecimiento de las relaciones de M\u00e9xico con la Santa Sede\u201d.\u00a0Se ha condecorado al <strong>padre Federico Lombardi <\/strong>porque ha sido \u201cun comunicador, un vocero, una voz muy autorizada de la Santa Sede. Ha sido una voz que ha permitido el acercamiento y la comunicaci\u00f3n entre M\u00e9xico y la Santa Sede, nos ha permitido conocer de cerca las opiniones de Su Santidad sobre distintos t\u00f3picos y ha podido interpretar en caso de duda las posiciones m\u00e1s s\u00f3lidas y serias de M\u00e9xico y la Santa Sede cuando han existido temas que as\u00ed lo ameritan\u201d.<\/p>\n<p style=\"text-align: justify;\">En el caso de <strong>monse\u00f1or Marcelo S\u00e1nchez Sorondo<\/strong> ha sido condecorado \u201cpor el trabajo que a lo largo de varios a\u00f1os ha tenido las Pontificias Academias con el Estado mexicano. Se han realizado distintos seminarios tanto en M\u00e9xico como en la Santa Sede para analizar y discutir con expertos temas referentes a la globalidad econ\u00f3mica, a la migraci\u00f3n, al combate a la trata de personas, a los temas referentes al car\u00e1cter inmoral de las armas nucleares\u201d.<\/p>\n<p style=\"text-align: justify;\">En el caso de<strong> Guzm\u00e1n Carriquiry<\/strong> ha sido \u201cun actor muy importante para el acercamiento de la Santa Sede con Am\u00e9rica Latina, y en particular con M\u00e9xico\u2026 ha sido un estudioso del fen\u00f3meno de la religiosidad guadalupana\u2026\u201d.<\/p>\n<p style=\"text-align: justify;\">Y finalmente, en el caso del comandante<strong> Domenico Giani<\/strong> \u201cha sido responsable de brindarle seguridad a los distintos dignatarios y mandatarios cuando visitan la Santa Sede y ha sido el responsable de la seguridad del Papa cuando, tanto Benedicto XVI y Papa Francisco, han visitado M\u00e9xico en los a\u00f1os 2012 y 2016\u201d.<\/p>\n<p style=\"text-align: justify;\">\u201cPor estos elementos de contribuci\u00f3n, al acercamiento, a la colaboraci\u00f3n y a la contribuci\u00f3n de buenas relaciones entre M\u00e9xico y la Santa Sede estos cuatro distinguidos personajes han sido reconocidos por el Presidente de M\u00e9xico, Enrique Pe\u00f1a Nieto\u201d.<\/p>\n<p style=\"text-align: justify;\">Por su parte, el Canciller de la Pontificia Academia de las Ciencias y de las Ciencias Sociales, monse\u00f1or Marcelo S\u00e1nchez Sorondo agradeci\u00f3 durante el evento esta condecoraci\u00f3n.<\/p>\n<p style=\"text-align: justify;\">\n<p style=\"text-align: justify;\"><em>(Mercedes De La Torre \u2013 Radio Vaticano).<\/em><\/p>\n<p align=\"justify\">Foto: Ceremonia de Condecoraci\u00f3n mexicana \u00c1guila Azteca &#8211; RV<\/p>\n","protected":false},"excerpt":{"rendered":"<p>El padre Federico Lombardi recibe la condecoraci\u00f3n mexicana del \u00c1guila Azteca (RV).- El director de la Oficina de Prensa de la Santa Sede, el padre Federico Lombardi ha sido condecorado con el Orden mexicana del \u00c1guila Azteca junto al canciller de la Pontificia Academia de las Ciencias y Ciencias Sociales, monse\u00f1or Marcelo S\u00e1nchez Sorondo; el &hellip; <a href=\"https:\/\/www.biblia.work\/sermones\/el-padre-federico-lombardi-recibe-la-condecoracion-mexicana-del-aguila-azteca\/\" class=\"more-link\">Continuar leyendo<span class=\"screen-reader-text\"> \u00abEl padre Federico Lombardi recibe la condecoraci\u00f3n mexicana del \u00c1guila Azteca\u00bb<\/span><\/a><\/p>\n","protected":false},"author":1,"featured_media":0,"comment_status":"open","ping_status":"closed","sticky":false,"template":"","format":"standard","meta":{"footnotes":""},"categories":[1],"tags":[],"class_list":["post-36747","post","type-post","status-publish","format-standard","hentry","category-general"],"_links":{"self":[{"href":"https:\/\/www.biblia.work\/sermones\/wp-json\/wp\/v2\/posts\/36747","targetHints":{"allow":["GET"]}}],"collection":[{"href":"https:\/\/www.biblia.work\/sermones\/wp-json\/wp\/v2\/posts"}],"about":[{"href":"https:\/\/www.biblia.work\/sermones\/wp-json\/wp\/v2\/types\/post"}],"author":[{"embeddable":true,"href":"https:\/\/www.biblia.work\/sermones\/wp-json\/wp\/v2\/users\/1"}],"replies":[{"embeddable":true,"href":"https:\/\/www.biblia.work\/sermones\/wp-json\/wp\/v2\/comments?post=36747"}],"version-history":[{"count":0,"href":"https:\/\/www.biblia.work\/sermones\/wp-json\/wp\/v2\/posts\/36747\/revisions"}],"wp:attachment":[{"href":"https:\/\/www.biblia.work\/sermones\/wp-json\/wp\/v2\/media?parent=36747"}],"wp:term":[{"taxonomy":"category","embeddable":true,"href":"https:\/\/www.biblia.work\/sermones\/wp-json\/wp\/v2\/categories?post=36747"},{"taxonomy":"post_tag","embeddable":true,"href":"https:\/\/www.biblia.work\/sermones\/wp-json\/wp\/v2\/tags?post=36747"}],"curies":[{"name":"wp","href":"https:\/\/api.w.org\/{rel}","templated":true}]}}