{"id":36758,"date":"2016-06-21T10:26:09","date_gmt":"2016-06-21T15:26:09","guid":{"rendered":"http:\/\/www.biblia.work\/sermones\/san-pedro-de-vaticano-cupula-fachada-y-columnata-se-apagaran-una-hora-por-una-buena-causa\/"},"modified":"2016-06-21T10:26:09","modified_gmt":"2016-06-21T15:26:09","slug":"san-pedro-de-vaticano-cupula-fachada-y-columnata-se-apagaran-una-hora-por-una-buena-causa","status":"publish","type":"post","link":"https:\/\/www.biblia.work\/sermones\/san-pedro-de-vaticano-cupula-fachada-y-columnata-se-apagaran-una-hora-por-una-buena-causa\/","title":{"rendered":"San Pedro de Vaticano: C\u00fapula, fachada y columnata se apagar\u00e1n una hora por una buena causa"},"content":{"rendered":"<p style=\"text-align: justify;\"><strong>San Pedro de Vaticano: C\u00fapula, fachada y columnata se apagar\u00e1n una hora por una buena causa<\/strong><\/p>\n<p style=\"text-align: justify;\">El Estado de la Ciudad del Vaticano se une a la iniciativa Earth Hour 2016, promovida por WWF International<\/p>\n<p style=\"text-align: justify;\">Este s\u00e1bado, 19 de marzo, desde las 20.30 hasta las 21.30, las luces de la C\u00fapula, de la fachada de la Bas\u00edlica y la columnata de San Pedro, permanecer\u00e1n apagadas con ocasi\u00f3n del Earth Hour 2016, iniciativa promovida por la WWF International, a la que se ha adherido tambi\u00e9n el Estado de la Ciudad del Vaticano. Mientras tanto, permanecer\u00e1n encendidas las fuentes, las cuatro farolas junto al obelisco y dem\u00e1s luces de la plaza.<\/p>\n<p style=\"text-align: justify;\">Desde Jap\u00f3n hasta Estados Unidos, pa\u00edses de todo el mundo se unir\u00e1n a esta iniciativa para compartir a nivel global, a favor de un futuro sostenible. Ser\u00e1n as\u00ed 60 minutos de oscuridad contempor\u00e1neamente en todos los rincones de la tierra.<\/p>\n<p style=\"text-align: justify;\">\u201cTodos juntos es posible combatir concretamente el cambio clim\u00e1tico \u2013explica el WWF\u2014 ya sea con acciones concretas de cada uno, como haciendo sentir la propia voz a los gobiernos que son llamados a elegir el camino hacia econom\u00edas con bajas emisiones de carbono, eliminando gradualmente las fuentes f\u00f3siles, empezando por el carb\u00f3n\u201d.<\/p>\n<p style=\"text-align: justify;\">Uno de los temas en los que el Santo Padre insiste y muestra su preocupaci\u00f3n, es precisamente el cuidado de la creaci\u00f3n. Y esta inquietud se concret\u00f3 en la enc\u00edclica \u201cLaudato si\u2019, sobre el cuidado de la casa com\u00fan\u201d. Documento que instituciones y gobernantes de todas las partes del mundo valoraron y reconocieron su gran inter\u00e9s.<\/p>\n<p style=\"text-align: justify;\">(ZENIT \u2013 Ciudad del Vaticano).-<\/p>\n","protected":false},"excerpt":{"rendered":"<p>San Pedro de Vaticano: C\u00fapula, fachada y columnata se apagar\u00e1n una hora por una buena causa El Estado de la Ciudad del Vaticano se une a la iniciativa Earth Hour 2016, promovida por WWF International Este s\u00e1bado, 19 de marzo, desde las 20.30 hasta las 21.30, las luces de la C\u00fapula, de la fachada de &hellip; <a href=\"https:\/\/www.biblia.work\/sermones\/san-pedro-de-vaticano-cupula-fachada-y-columnata-se-apagaran-una-hora-por-una-buena-causa\/\" class=\"more-link\">Continuar leyendo<span class=\"screen-reader-text\"> \u00abSan Pedro de Vaticano: C\u00fapula, fachada y columnata se apagar\u00e1n una hora por una buena causa\u00bb<\/span><\/a><\/p>\n","protected":false},"author":1,"featured_media":0,"comment_status":"open","ping_status":"closed","sticky":false,"template":"","format":"standard","meta":{"footnotes":""},"categories":[1],"tags":[],"class_list":["post-36758","post","type-post","status-publish","format-standard","hentry","category-general"],"_links":{"self":[{"href":"https:\/\/www.biblia.work\/sermones\/wp-json\/wp\/v2\/posts\/36758","targetHints":{"allow":["GET"]}}],"collection":[{"href":"https:\/\/www.biblia.work\/sermones\/wp-json\/wp\/v2\/posts"}],"about":[{"href":"https:\/\/www.biblia.work\/sermones\/wp-json\/wp\/v2\/types\/post"}],"author":[{"embeddable":true,"href":"https:\/\/www.biblia.work\/sermones\/wp-json\/wp\/v2\/users\/1"}],"replies":[{"embeddable":true,"href":"https:\/\/www.biblia.work\/sermones\/wp-json\/wp\/v2\/comments?post=36758"}],"version-history":[{"count":0,"href":"https:\/\/www.biblia.work\/sermones\/wp-json\/wp\/v2\/posts\/36758\/revisions"}],"wp:attachment":[{"href":"https:\/\/www.biblia.work\/sermones\/wp-json\/wp\/v2\/media?parent=36758"}],"wp:term":[{"taxonomy":"category","embeddable":true,"href":"https:\/\/www.biblia.work\/sermones\/wp-json\/wp\/v2\/categories?post=36758"},{"taxonomy":"post_tag","embeddable":true,"href":"https:\/\/www.biblia.work\/sermones\/wp-json\/wp\/v2\/tags?post=36758"}],"curies":[{"name":"wp","href":"https:\/\/api.w.org\/{rel}","templated":true}]}}