{"id":36759,"date":"2016-06-21T10:26:13","date_gmt":"2016-06-21T15:26:13","guid":{"rendered":"http:\/\/www.biblia.work\/sermones\/el-vaticano-estudia-un-viaje-del-papa-a-armenia-a-finales-de-junio\/"},"modified":"2016-06-21T10:26:13","modified_gmt":"2016-06-21T15:26:13","slug":"el-vaticano-estudia-un-viaje-del-papa-a-armenia-a-finales-de-junio","status":"publish","type":"post","link":"https:\/\/www.biblia.work\/sermones\/el-vaticano-estudia-un-viaje-del-papa-a-armenia-a-finales-de-junio\/","title":{"rendered":"El Vaticano estudia un viaje del Papa a Armenia a finales de junio"},"content":{"rendered":"<p style=\"text-align: justify;\"><strong>El Vaticano estudia un viaje del Papa a Armenia a finales de junio<\/strong><\/p>\n<p style=\"text-align: justify;\">El portavoz de la Santa Sede asegura que la \u00faltima inspecci\u00f3n por parte de los responsable vaticanos a\u00fan no ha tenido lugar<\/p>\n<p style=\"text-align: justify;\">Foto: El Papa Francisco en avi\u00f3n Alitalia<\/p>\n<p style=\"text-align: justify;\"><strong>El Viaje Del Papa<\/strong><\/p>\n<p style=\"text-align: justify;\">La Santa Sede est\u00e1 estudiando un viaje del Papa en Armenia y la segunda mitad de junio es el per\u00edodo que actualmente se est\u00e1 considerando. As\u00ed lo ha confirmado el director de la oficina de prensa de la Santa Sede, el jesuita padre Federico Lombardi.<\/p>\n<p style=\"text-align: justify;\">Haciendo referencia a algunas publicaciones que ya daban por seguro el viaje y las fechas, el portavoz vaticano ha precisado que \u201cla inspecci\u00f3n conclusiva en el lugar por parte de los organizadores del Vaticano, no ha tenido lugar todav\u00eda\u201d. En caso de que finalmente se realice este viaje apost\u00f3lico, ser\u00eda la segunda vez que un Pont\u00edfice les visita ya que Juan Pablo II estuvo all\u00ed en el 2001.<\/p>\n<p style=\"text-align: justify;\">Armenia conmemor\u00f3 hace un a\u00f1o el centenario del genocidio de mill\u00f3n y medio de armenios bajo el Imperio Otomano. Y el 12 de abril de 2015, el papa Francisco proclam\u00f3 al armeno san Gregorio de Narek, doctor de la Iglesia universal. Lo hizo en una misa celebrada en la bas\u00edlica de San Pedro en el Vaticano, en coincidencia con los 100 a\u00f1os del genocidio armenio.<\/p>\n<p style=\"text-align: justify;\">Al inicio de dicha celebraci\u00f3n, el Santo Padre ley\u00f3 un texto, en el cual defini\u00f3 la masacre de los armenios por los turcos, como el primer genocidio del siglo XX. Este hecho provoc\u00f3 una crisis diplom\u00e1tica con Turqu\u00eda, ya que nunca han reconocido el genocidio.<\/p>\n","protected":false},"excerpt":{"rendered":"<p>El Vaticano estudia un viaje del Papa a Armenia a finales de junio El portavoz de la Santa Sede asegura que la \u00faltima inspecci\u00f3n por parte de los responsable vaticanos a\u00fan no ha tenido lugar Foto: El Papa Francisco en avi\u00f3n Alitalia El Viaje Del Papa La Santa Sede est\u00e1 estudiando un viaje del Papa &hellip; <a href=\"https:\/\/www.biblia.work\/sermones\/el-vaticano-estudia-un-viaje-del-papa-a-armenia-a-finales-de-junio\/\" class=\"more-link\">Continuar leyendo<span class=\"screen-reader-text\"> \u00abEl Vaticano estudia un viaje del Papa a Armenia a finales de junio\u00bb<\/span><\/a><\/p>\n","protected":false},"author":1,"featured_media":0,"comment_status":"open","ping_status":"closed","sticky":false,"template":"","format":"standard","meta":{"footnotes":""},"categories":[1],"tags":[],"class_list":["post-36759","post","type-post","status-publish","format-standard","hentry","category-general"],"_links":{"self":[{"href":"https:\/\/www.biblia.work\/sermones\/wp-json\/wp\/v2\/posts\/36759","targetHints":{"allow":["GET"]}}],"collection":[{"href":"https:\/\/www.biblia.work\/sermones\/wp-json\/wp\/v2\/posts"}],"about":[{"href":"https:\/\/www.biblia.work\/sermones\/wp-json\/wp\/v2\/types\/post"}],"author":[{"embeddable":true,"href":"https:\/\/www.biblia.work\/sermones\/wp-json\/wp\/v2\/users\/1"}],"replies":[{"embeddable":true,"href":"https:\/\/www.biblia.work\/sermones\/wp-json\/wp\/v2\/comments?post=36759"}],"version-history":[{"count":0,"href":"https:\/\/www.biblia.work\/sermones\/wp-json\/wp\/v2\/posts\/36759\/revisions"}],"wp:attachment":[{"href":"https:\/\/www.biblia.work\/sermones\/wp-json\/wp\/v2\/media?parent=36759"}],"wp:term":[{"taxonomy":"category","embeddable":true,"href":"https:\/\/www.biblia.work\/sermones\/wp-json\/wp\/v2\/categories?post=36759"},{"taxonomy":"post_tag","embeddable":true,"href":"https:\/\/www.biblia.work\/sermones\/wp-json\/wp\/v2\/tags?post=36759"}],"curies":[{"name":"wp","href":"https:\/\/api.w.org\/{rel}","templated":true}]}}