{"id":36760,"date":"2016-06-21T10:26:16","date_gmt":"2016-06-21T15:26:16","guid":{"rendered":"http:\/\/www.biblia.work\/sermones\/vatileaks-2-se-suspende-hasta-el-6-de-abril\/"},"modified":"2016-06-21T10:26:16","modified_gmt":"2016-06-21T15:26:16","slug":"vatileaks-2-se-suspende-hasta-el-6-de-abril","status":"publish","type":"post","link":"https:\/\/www.biblia.work\/sermones\/vatileaks-2-se-suspende-hasta-el-6-de-abril\/","title":{"rendered":"Vatileaks 2 se suspende hasta el 6 de abril"},"content":{"rendered":"<p style=\"text-align: justify;\"><strong>\u00a0Vatileaks 2 se suspende hasta el 6 de abril<\/strong><\/p>\n<p style=\"text-align: justify;\">El m\u00e9dico ha pedido a Francesca Chaouqui, imputada en el proceso, 20 d\u00edas de reposo por problemas en su embarazo<\/p>\n<p align=\"justify\">\n<p align=\"justify\">&nbsp;<\/p>\n<p style=\"text-align: justify;\">En rueda de prensa el portavoz del Vaticano anuncia que el juicio Vatileaks 2 se suspende por 20 d\u00edas<\/p>\n<p style=\"text-align: justify;\">El juicio llamado Vatileaks 2, sobre la fuga de documentos reservados del Vaticano que terminaron publicados en dos libros y diversos medios de comunicaci\u00f3n, se suspende durante 20 d\u00edas, hasta el 6 de abril.<\/p>\n<p style=\"text-align: justify;\">La decisi\u00f3n fue tomada por el tribunal despu\u00e9s de que la abogada de Francesca Chaouqui, una de los cinco imputados, present\u00f3 un certificado m\u00e9dico que le prescribe 20 d\u00edas de reposo absoluto debido a problemas en su embarazo, ya en el sexto mes.<\/p>\n<p style=\"text-align: justify;\">\u00a0El lunes pasado fue la quinta audiencia del proceso, durante la cual el sacerdote espa\u00f1ol Lucio \u00c1ngel Vallejo Balda, reconoci\u00f3 haber pasado documentos a los periodistas tambi\u00e9n imputados en el proceso.<\/p>\n<p style=\"text-align: justify;\">Al d\u00eda siguiente fue la sexta y \u00faltima audiencia celebrada hasta el momento, en la cual la se\u00f1ora Chaouqui abandon\u00f3 el aula algunos minutos debido a que se sinti\u00f3 mal.<\/p>\n<p style=\"text-align: justify;\">Los otros imputados en este proceso son Gianluigi Nuzzi y Emiliano Fittipaldi, periodistas italianos que publicaron respectivamente los libros Via Crucis y Avaricia, y el sacerdote de monse\u00f1or Vallejo, Nicola Maio.<\/p>\n<p style=\"text-align: justify;\">Sergio Mora\/ZENIT<\/p>\n<p style=\"text-align: justify;\">Foto: Rueda de prensa del padre Lombardi<\/p>\n","protected":false},"excerpt":{"rendered":"<p>\u00a0Vatileaks 2 se suspende hasta el 6 de abril El m\u00e9dico ha pedido a Francesca Chaouqui, imputada en el proceso, 20 d\u00edas de reposo por problemas en su embarazo &nbsp; En rueda de prensa el portavoz del Vaticano anuncia que el juicio Vatileaks 2 se suspende por 20 d\u00edas El juicio llamado Vatileaks 2, sobre &hellip; <a href=\"https:\/\/www.biblia.work\/sermones\/vatileaks-2-se-suspende-hasta-el-6-de-abril\/\" class=\"more-link\">Continuar leyendo<span class=\"screen-reader-text\"> \u00abVatileaks 2 se suspende hasta el 6 de abril\u00bb<\/span><\/a><\/p>\n","protected":false},"author":1,"featured_media":0,"comment_status":"open","ping_status":"closed","sticky":false,"template":"","format":"standard","meta":{"footnotes":""},"categories":[1],"tags":[],"class_list":["post-36760","post","type-post","status-publish","format-standard","hentry","category-general"],"_links":{"self":[{"href":"https:\/\/www.biblia.work\/sermones\/wp-json\/wp\/v2\/posts\/36760","targetHints":{"allow":["GET"]}}],"collection":[{"href":"https:\/\/www.biblia.work\/sermones\/wp-json\/wp\/v2\/posts"}],"about":[{"href":"https:\/\/www.biblia.work\/sermones\/wp-json\/wp\/v2\/types\/post"}],"author":[{"embeddable":true,"href":"https:\/\/www.biblia.work\/sermones\/wp-json\/wp\/v2\/users\/1"}],"replies":[{"embeddable":true,"href":"https:\/\/www.biblia.work\/sermones\/wp-json\/wp\/v2\/comments?post=36760"}],"version-history":[{"count":0,"href":"https:\/\/www.biblia.work\/sermones\/wp-json\/wp\/v2\/posts\/36760\/revisions"}],"wp:attachment":[{"href":"https:\/\/www.biblia.work\/sermones\/wp-json\/wp\/v2\/media?parent=36760"}],"wp:term":[{"taxonomy":"category","embeddable":true,"href":"https:\/\/www.biblia.work\/sermones\/wp-json\/wp\/v2\/categories?post=36760"},{"taxonomy":"post_tag","embeddable":true,"href":"https:\/\/www.biblia.work\/sermones\/wp-json\/wp\/v2\/tags?post=36760"}],"curies":[{"name":"wp","href":"https:\/\/api.w.org\/{rel}","templated":true}]}}