{"id":36762,"date":"2016-06-21T10:26:31","date_gmt":"2016-06-21T15:26:31","guid":{"rendered":"http:\/\/www.biblia.work\/sermones\/el-papa-francisco-a-los-participantes-del-encuentro-promovido-por-la-harvard-world-model-united-nations\/"},"modified":"2016-06-21T10:26:31","modified_gmt":"2016-06-21T15:26:31","slug":"el-papa-francisco-a-los-participantes-del-encuentro-promovido-por-la-harvard-world-model-united-nations","status":"publish","type":"post","link":"https:\/\/www.biblia.work\/sermones\/el-papa-francisco-a-los-participantes-del-encuentro-promovido-por-la-harvard-world-model-united-nations\/","title":{"rendered":"El Papa Francisco a los participantes del encuentro promovido por la Harvard World Model United Nations"},"content":{"rendered":"<p style=\"text-align: justify;\"><strong>Nuestra fuerza como comunidad se basa en la compasi\u00f3n por los dem\u00e1s\u201d, el Papa a la Harvard World Model United Nations<\/strong><\/p>\n<p align=\"justify\">&nbsp;<\/p>\n<p style=\"text-align: justify;\">(RV).- \u201cEl mayor fruto de este evento es el tiempo transcurrido juntos, su encuentro con personas de todas partes del mundo, que representan no s\u00f3lo los diferentes desaf\u00edos contempor\u00e1neos, sino sobre todo la rica variedad de talentos y potencialidades de la familia humana\u201d, lo dijo el Papa Francisco a los participantes en el Encuentro promovido por la Harvard World Model United Nations, a quienes recibi\u00f3 en audiencia la ma\u00f1ana de este jueves 17 de marzo, en el Aula Pablo VI del Vaticano. <\/p>\n<p style=\"text-align: justify;\">En su discurso, el Santo Padre resalt\u00f3 el esfuerzo que realizan los estudiantes universitarios en la b\u00fasqueda de la verdad y de la comprensi\u00f3n, en el crecimiento en la sabidur\u00eda, que no s\u00f3lo es un beneficio personal, sino es por el bien de sus comunidades locales y de la entera sociedad. \u201cEspero que esta experiencia los lleve a apreciar la necesidad y la importancia de estructuras de cooperaci\u00f3n y solidaridad, que han sido formadas por la comunidad internacional en el curso de los a\u00f1os. Estas estructuras son particularmente eficaces cuando est\u00e1n dirigidas al servicio de cuantos en el mundo son m\u00e1s vulnerables y emarginados. Ruego para que las Naciones Unidas, y cada uno de los Estados miembros, est\u00e9n siempre dispuestos a este servicio y a su cuidado\u201d.<\/p>\n<p style=\"text-align: justify;\">Todav\u00eda, se\u00f1al\u00f3 el Obispo de Roma, el fruto m\u00e1s grande del estar juntos aqu\u00ed en Roma no est\u00e1 en el aprender acerca de la diplomacia, de los sistemas institucionales y las organizaciones, que son de todos modos importantes y merecen su estudio; sino \u201cel fruto mayor es el tiempo transcurrido juntos, su encuentro con personas de todas partes del mundo, que representan no solo los diferentes desaf\u00edos contempor\u00e1neos, sino sobre todo la rica variedad de talentos y potencialidades de la familia humana\u201d.<\/p>\n<p style=\"text-align: justify;\">Recordando los argumentos y las problem\u00e1ticas que han afrontado los j\u00f3venes estudiantes durante el Encuentro, el Sucesor de Pedro se\u00f1al\u00f3 que existen hombres y mujeres, j\u00f3venes y ancianos, familias e individuos que viven cada d\u00eda luchando, que buscan cuidar de sus hijos y proveer a ellos no s\u00f3lo lo necesario para el futuro, sino tambi\u00e9n los elementos necesarios para hoy. \u201cAs\u00ed tambi\u00e9n, muchos de aquellos que son golpeados por problemas m\u00e1s graves del mundo actual, por la violencia y la intolerancia, se han convertido en refugiados, tr\u00e1gicamente obligados a abandonar sus casas, privados de sus tierras y de su libertad\u201d.<\/p>\n<p style=\"text-align: justify;\">Son ellos los que tienen necesidad de su ayuda, subray\u00f3 el Pont\u00edfice, son ellos los que piden con gran voz ser escuchados, que son m\u00e1s que nunca dignos de su esfuerzo por la justicia, la paz y la solidaridad. Antes de concluir su discurso el Papa dijo que \u201cnuestra fuerza como comunidad, en cualquier nivel de vida y de organizaci\u00f3n social, se basa no tanto en nuestros conocimientos y habilidades personales, sino en la compasi\u00f3n que mostramos los unos hacia los otros, en el cuidado que practicamos especialmente por cuantos no pueden cuidar de s\u00ed mismos\u201d.<\/p>\n<p style=\"text-align: justify;\">\u00a0As\u00ed mismo, el Papa Francisco resalt\u00f3 el compromiso de la Iglesia Cat\u00f3lica en el servir a las necesidades de los pobres y de los refugiados, a sostener las familias y la comunidad y a proteger la inalienable dignidad y los derechos de todo miembro de la familia humana. \u201cNosotros los cristianos creemos que Jes\u00fas nos llama a servir a nuestros hermanos y hermanas, a cuidar de los dem\u00e1s, independientemente de su proveniencia y de las circunstancias. Todav\u00eda, esto no es s\u00f3lo un distintivo de los cristianos, sino es una llamada universal, que radica en nuestra com\u00fan humanidad\u201d.<\/p>\n<p style=\"text-align: justify;\">(Renato Martinez \u2013 Radio Vaticano)<\/p>\n<p style=\"text-align: justify;\">\u00a0Foto: \u201cNuestra fuerza como comunidad, se basa no tanto en nuestros conocimientos y habilidades personales, sino en la compasi\u00f3n que mostramos los unos hacia los dem\u00e1s&#8221;. &#8211; AFP<\/p>\n","protected":false},"excerpt":{"rendered":"<p>Nuestra fuerza como comunidad se basa en la compasi\u00f3n por los dem\u00e1s\u201d, el Papa a la Harvard World Model United Nations &nbsp; (RV).- \u201cEl mayor fruto de este evento es el tiempo transcurrido juntos, su encuentro con personas de todas partes del mundo, que representan no s\u00f3lo los diferentes desaf\u00edos contempor\u00e1neos, sino sobre todo la &hellip; <a href=\"https:\/\/www.biblia.work\/sermones\/el-papa-francisco-a-los-participantes-del-encuentro-promovido-por-la-harvard-world-model-united-nations\/\" class=\"more-link\">Continuar leyendo<span class=\"screen-reader-text\"> \u00abEl Papa Francisco a los participantes del encuentro promovido por la Harvard World Model United Nations\u00bb<\/span><\/a><\/p>\n","protected":false},"author":1,"featured_media":0,"comment_status":"open","ping_status":"closed","sticky":false,"template":"","format":"standard","meta":{"footnotes":""},"categories":[1],"tags":[],"class_list":["post-36762","post","type-post","status-publish","format-standard","hentry","category-general"],"_links":{"self":[{"href":"https:\/\/www.biblia.work\/sermones\/wp-json\/wp\/v2\/posts\/36762","targetHints":{"allow":["GET"]}}],"collection":[{"href":"https:\/\/www.biblia.work\/sermones\/wp-json\/wp\/v2\/posts"}],"about":[{"href":"https:\/\/www.biblia.work\/sermones\/wp-json\/wp\/v2\/types\/post"}],"author":[{"embeddable":true,"href":"https:\/\/www.biblia.work\/sermones\/wp-json\/wp\/v2\/users\/1"}],"replies":[{"embeddable":true,"href":"https:\/\/www.biblia.work\/sermones\/wp-json\/wp\/v2\/comments?post=36762"}],"version-history":[{"count":0,"href":"https:\/\/www.biblia.work\/sermones\/wp-json\/wp\/v2\/posts\/36762\/revisions"}],"wp:attachment":[{"href":"https:\/\/www.biblia.work\/sermones\/wp-json\/wp\/v2\/media?parent=36762"}],"wp:term":[{"taxonomy":"category","embeddable":true,"href":"https:\/\/www.biblia.work\/sermones\/wp-json\/wp\/v2\/categories?post=36762"},{"taxonomy":"post_tag","embeddable":true,"href":"https:\/\/www.biblia.work\/sermones\/wp-json\/wp\/v2\/tags?post=36762"}],"curies":[{"name":"wp","href":"https:\/\/api.w.org\/{rel}","templated":true}]}}