{"id":36763,"date":"2016-06-21T10:26:35","date_gmt":"2016-06-21T15:26:35","guid":{"rendered":"http:\/\/www.biblia.work\/sermones\/siria-el-vaticano-denuncia-crimenes-contra-la-humanidad\/"},"modified":"2016-06-21T10:26:35","modified_gmt":"2016-06-21T15:26:35","slug":"siria-el-vaticano-denuncia-crimenes-contra-la-humanidad","status":"publish","type":"post","link":"https:\/\/www.biblia.work\/sermones\/siria-el-vaticano-denuncia-crimenes-contra-la-humanidad\/","title":{"rendered":"Siria: El Vaticano denuncia cr\u00edmenes contra la humanidad"},"content":{"rendered":"<p style=\"text-align: justify;\"><strong>Siria: El Vaticano denuncia cr\u00edmenes contra la humanidad<\/strong><\/p>\n<p style=\"text-align: justify;\">El observador de la Santa Sede en el Consejo de las Naciones Unidas de Ginebra, pide adem\u00e1s ayuda humanitaria urgente<\/p>\n<p style=\"text-align: justify;\">\n<p style=\"text-align: justify;\">La Santa Sede denunci\u00f3 este martes en el Consejo de Derechos Humanos en Ginebra, que en Siria se est\u00e1n cometiendo \u201ccr\u00edmenes contra la humanidad\u201d que quedan \u201cimpunes\u201d, entre ellos \u201cataques diarios contra la poblaci\u00f3n civil\u201d.<\/p>\n<p style=\"text-align: justify;\">Lo inform\u00f3 el programa en ingl\u00e9s de la Radio Vaticano, que en su web publica la intervenci\u00f3n de monse\u00f1or Richard Gyhra, observador ad interim de la misi\u00f3n permanente de la Santa Sede en Ginebra.<\/p>\n<p style=\"text-align: justify;\">Durante el conflicto en Siria \u2013que ha cumplido cinco a\u00f1os este mes\u2013 se han registrado m\u00e1s de 270 mil muertos, m\u00e1s de 4,5 millones de refugiados y unos 7 millones de desplazados internos, seg\u00fan los datos de las organizaciones internacionales.<\/p>\n<p style=\"text-align: justify;\">Monse\u00f1or Gyhra se\u00f1al\u00f3 en su intervenci\u00f3n que \u201clos recientes acontecimientos que est\u00e1n sucediendo en Siria parecen reforzar el sentimiento de abandono delante de una tragedia humana sin fin causada por la continuaci\u00f3n del conflicto y el \u00e9xodo de los refugiados, el desprecio de los derechos humanos y del derecho internacional humanitario\u201d.<\/p>\n<p style=\"text-align: justify;\">El observador de la Santa Sede se\u00f1al\u00f3 adem\u00e1s que es urgente enviar ayuda humanitaria a la regi\u00f3n e invit\u00f3 a todas las partes a participar en el proceso de paz.<\/p>\n<p style=\"text-align: justify;\">Y explic\u00f3 que \u201cuna dimensi\u00f3n crucial que debe ser observada en la construcci\u00f3n sostenible del proceso de paz es el respeto hacia una sociedad plural, en la cual se reconozca a las minor\u00edas \u00e9tnicas, religiosas y ling\u00fc\u00edsticas un lugar como miembros de pleno derecho en la sociedad y el Estado sirio\u201d.<\/p>\n<p align=\"justify\">Sergio Mora<\/p>\n<p align=\"justify\">Foto: Plenaria De Las Naciones Unidas En Ginebra<\/p>\n<p align=\"justify\">(ZENIT \u2013 Ciudad del Vaticano).-<\/p>\n<p style=\"text-align: justify;\">\u201cLa supervivencia y el bienestar de estas minor\u00edas \u2013se\u00f1al\u00f3 Mons. Gyhra\u2013 son la garant\u00eda de un Estado democr\u00e1tico, respetuoso de las diferencias\u201d. Adem\u00e1s el retorno de los refugiados y los desplazados internos se vuelve \u201cuna condici\u00f3n esencial para la reconciliaci\u00f3n, la reconstrucci\u00f3n y la sostenibilidad\u201d en cualquier soluci\u00f3n al conflicto.<\/p>\n","protected":false},"excerpt":{"rendered":"<p>Siria: El Vaticano denuncia cr\u00edmenes contra la humanidad El observador de la Santa Sede en el Consejo de las Naciones Unidas de Ginebra, pide adem\u00e1s ayuda humanitaria urgente La Santa Sede denunci\u00f3 este martes en el Consejo de Derechos Humanos en Ginebra, que en Siria se est\u00e1n cometiendo \u201ccr\u00edmenes contra la humanidad\u201d que quedan \u201cimpunes\u201d, &hellip; <a href=\"https:\/\/www.biblia.work\/sermones\/siria-el-vaticano-denuncia-crimenes-contra-la-humanidad\/\" class=\"more-link\">Continuar leyendo<span class=\"screen-reader-text\"> \u00abSiria: El Vaticano denuncia cr\u00edmenes contra la humanidad\u00bb<\/span><\/a><\/p>\n","protected":false},"author":1,"featured_media":0,"comment_status":"open","ping_status":"closed","sticky":false,"template":"","format":"standard","meta":{"footnotes":""},"categories":[1],"tags":[],"class_list":["post-36763","post","type-post","status-publish","format-standard","hentry","category-general"],"_links":{"self":[{"href":"https:\/\/www.biblia.work\/sermones\/wp-json\/wp\/v2\/posts\/36763","targetHints":{"allow":["GET"]}}],"collection":[{"href":"https:\/\/www.biblia.work\/sermones\/wp-json\/wp\/v2\/posts"}],"about":[{"href":"https:\/\/www.biblia.work\/sermones\/wp-json\/wp\/v2\/types\/post"}],"author":[{"embeddable":true,"href":"https:\/\/www.biblia.work\/sermones\/wp-json\/wp\/v2\/users\/1"}],"replies":[{"embeddable":true,"href":"https:\/\/www.biblia.work\/sermones\/wp-json\/wp\/v2\/comments?post=36763"}],"version-history":[{"count":0,"href":"https:\/\/www.biblia.work\/sermones\/wp-json\/wp\/v2\/posts\/36763\/revisions"}],"wp:attachment":[{"href":"https:\/\/www.biblia.work\/sermones\/wp-json\/wp\/v2\/media?parent=36763"}],"wp:term":[{"taxonomy":"category","embeddable":true,"href":"https:\/\/www.biblia.work\/sermones\/wp-json\/wp\/v2\/categories?post=36763"},{"taxonomy":"post_tag","embeddable":true,"href":"https:\/\/www.biblia.work\/sermones\/wp-json\/wp\/v2\/tags?post=36763"}],"curies":[{"name":"wp","href":"https:\/\/api.w.org\/{rel}","templated":true}]}}