{"id":36764,"date":"2016-06-21T10:26:40","date_gmt":"2016-06-21T15:26:40","guid":{"rendered":"http:\/\/www.biblia.work\/sermones\/el-papa-francisco-en-instagram-a-partir-del-19-de-marzo\/"},"modified":"2016-06-21T10:26:40","modified_gmt":"2016-06-21T15:26:40","slug":"el-papa-francisco-en-instagram-a-partir-del-19-de-marzo","status":"publish","type":"post","link":"https:\/\/www.biblia.work\/sermones\/el-papa-francisco-en-instagram-a-partir-del-19-de-marzo\/","title":{"rendered":"El Papa Francisco en Instagram a partir del 19 de marzo"},"content":{"rendered":"<p><strong>El Papa Francisco en Instagram a partir del 19 de marzo<\/strong><\/p>\n<p align=\"justify\">Lo ha anunciado monse\u00f1or <strong>Dario Edoardo Vigan\u00f2<\/strong>, prefecto de la Secretar\u00eda para la Comunicaci\u00f3n, explicando que para la reforma de los medios del Vaticano podr\u00edan ser necesarios unos cuatro a\u00f1os<\/p>\n<p align=\"justify\">\n<p style=\"text-align: justify;\">Despu\u00e9s del <strong>Twitter, el papa Francisco desembarca en otra red social<\/strong>. Es ahora el momento de Instagram. La cuenta oficial del Pont\u00edfice, con el nombre \u201cFranciscus\u201d, saldr\u00e1 el pr\u00f3ximo s\u00e1bado, 19 de marzo, fiesta de san Jos\u00e9.<\/p>\n<p style=\"text-align: justify;\">El prefecto de la Secretar\u00eda para la Comunicaci\u00f3n, monse\u00f1or Dario Edoardo Vigan\u00f2, lo anunci\u00f3\u00a0en la presentaci\u00f3n de su libro \u201cFidelidad y cambio \u2013 El punto de inflexi\u00f3n de Francisco contado desde cerca\u201d, organizada este lunes por la tarde por la Fundaci\u00f3n Biagio Agnes.<\/p>\n<p style=\"text-align: justify;\">El prelado habl\u00f3 con los periodistas de las nuevas modalidades de comunicaci\u00f3n introducidas por el Papa argentino, indica la agencia SIR. El Santo Padre\u00a0\u2013dijo Vigan\u00f3\u2013 sigue las grandes ense\u00f1anzas de la Iglesia pero, al mismo tiempo, ha cambiado mucho su forma de comunicar el pontificado. No solo simplificando la figura del Pont\u00edfice sino tambi\u00e9n contando historias y par\u00e1bolas; basta pensar solo en las homil\u00edas de Santa Marta en las que entra en los sentimientos de las personas a trav\u00e9s del Evangelio\u201d.<\/p>\n<p style=\"text-align: justify;\">Seg\u00fan\u00a0monse\u00f1or\u00a0Vigan\u00f2, el papa Francisco se puede definir como \u201cun perfecto storyteller\u201d, que representa plenamente \u201cun cambio desde el punto de vista comunicativo\u201d. Al preguntarle sobre la reforma de los medios de comunicaci\u00f3n del Vaticano, el prefecto explic\u00f3 que \u201cla necesidad surgi\u00f3 en el a\u00f1o 2000\u201d y que \u201chace muchos a\u00f1os que se habla de reforma\u201d. Por eso precis\u00f3 que \u201cla plataforma digital pretende pensar de nuevo en forma unitaria seg\u00fan el modelo <em>top down<\/em> tratando de entender qui\u00e9nes son los usuarios, nuestros interlocutores. Haremos que todo est\u00e9 en un \u00fanico portal, los textos, la radio y los v\u00eddeos. Hemos empezado a hacer grupos de trabajo mixtos para poner juntas todas las cosas bellas que hay\u201d.<\/p>\n<p style=\"text-align: justify;\">A prop\u00f3sito de la reforma, seg\u00fan monse\u00f1or Vigan\u00f2 podr\u00eda ser \u201cde aqu\u00ed a los pr\u00f3ximos cuatro a\u00f1os\u201d. Este \u2013a\u00f1adi\u00f3\u2013 ser\u00e1 un a\u00f1o importante porque ser\u00e1 la fusi\u00f3n de televisi\u00f3n y radio en un \u00fanico \u201cCentro Radiotelevisivo Vaticano\u201d.<\/p>\n<p style=\"text-align: justify;\">De este modo, concluy\u00f3 explicando que \u201cla idea no es cortar si no invertir\u00a0y queremos que cada euro gastado tenga tanto la fuerza comunicativa como el grano de misi\u00f3n apost\u00f3lica. Para dar voz al Papa desde la interfaz sencilla pero de un sistema complejo\u201d.<\/p>\n<p>ZENIT<\/p>\n<p class=\"thumb-description\">FOTO: Monse\u00f1or Edoardo Vigan\u00f3, el n\u00famero uno de las comunicaciones en el Vaticano<\/p>\n","protected":false},"excerpt":{"rendered":"<p>El Papa Francisco en Instagram a partir del 19 de marzo Lo ha anunciado monse\u00f1or Dario Edoardo Vigan\u00f2, prefecto de la Secretar\u00eda para la Comunicaci\u00f3n, explicando que para la reforma de los medios del Vaticano podr\u00edan ser necesarios unos cuatro a\u00f1os Despu\u00e9s del Twitter, el papa Francisco desembarca en otra red social. Es ahora el &hellip; <a href=\"https:\/\/www.biblia.work\/sermones\/el-papa-francisco-en-instagram-a-partir-del-19-de-marzo\/\" class=\"more-link\">Continuar leyendo<span class=\"screen-reader-text\"> \u00abEl Papa Francisco en Instagram a partir del 19 de marzo\u00bb<\/span><\/a><\/p>\n","protected":false},"author":1,"featured_media":0,"comment_status":"open","ping_status":"closed","sticky":false,"template":"","format":"standard","meta":{"footnotes":""},"categories":[1],"tags":[],"class_list":["post-36764","post","type-post","status-publish","format-standard","hentry","category-general"],"_links":{"self":[{"href":"https:\/\/www.biblia.work\/sermones\/wp-json\/wp\/v2\/posts\/36764","targetHints":{"allow":["GET"]}}],"collection":[{"href":"https:\/\/www.biblia.work\/sermones\/wp-json\/wp\/v2\/posts"}],"about":[{"href":"https:\/\/www.biblia.work\/sermones\/wp-json\/wp\/v2\/types\/post"}],"author":[{"embeddable":true,"href":"https:\/\/www.biblia.work\/sermones\/wp-json\/wp\/v2\/users\/1"}],"replies":[{"embeddable":true,"href":"https:\/\/www.biblia.work\/sermones\/wp-json\/wp\/v2\/comments?post=36764"}],"version-history":[{"count":0,"href":"https:\/\/www.biblia.work\/sermones\/wp-json\/wp\/v2\/posts\/36764\/revisions"}],"wp:attachment":[{"href":"https:\/\/www.biblia.work\/sermones\/wp-json\/wp\/v2\/media?parent=36764"}],"wp:term":[{"taxonomy":"category","embeddable":true,"href":"https:\/\/www.biblia.work\/sermones\/wp-json\/wp\/v2\/categories?post=36764"},{"taxonomy":"post_tag","embeddable":true,"href":"https:\/\/www.biblia.work\/sermones\/wp-json\/wp\/v2\/tags?post=36764"}],"curies":[{"name":"wp","href":"https:\/\/api.w.org\/{rel}","templated":true}]}}