{"id":36765,"date":"2016-06-21T10:26:43","date_gmt":"2016-06-21T15:26:43","guid":{"rendered":"http:\/\/www.biblia.work\/sermones\/monsenor-vallejo-reconoce-ante-el-juez-que-entrego-documentos-a-los-periodistas\/"},"modified":"2016-06-21T10:26:43","modified_gmt":"2016-06-21T15:26:43","slug":"monsenor-vallejo-reconoce-ante-el-juez-que-entrego-documentos-a-los-periodistas","status":"publish","type":"post","link":"https:\/\/www.biblia.work\/sermones\/monsenor-vallejo-reconoce-ante-el-juez-que-entrego-documentos-a-los-periodistas\/","title":{"rendered":"Monse\u00f1or Vallejo reconoce ante el juez que entreg\u00f3 documentos a los periodistas"},"content":{"rendered":"<p><strong>Monse\u00f1or Vallejo reconoce ante el juez que entreg\u00f3 documentos a los periodistas<\/strong><\/p>\n<p align=\"justify\">En la audiencia del Lunes 14 de marzo, el sacerdote espa\u00f1ol explica que se sent\u00eda presionado y lleg\u00f3 a temer por su integridad f\u00edsica<\/p>\n<p align=\"justify\">Este lunes los tribunales del Vaticano han retomado las audiencias del juicio por el robo y filtraci\u00f3n a la prensa de documentos reservados sobre la reforma econ\u00f3mica de la Santa Sede, que tiene cinco imputados. Se retoma as\u00ed el juicio, despu\u00e9s de tres meses de receso, donde est\u00e1n imputados el sacerdote espa\u00f1ol<strong> Lucio \u00c1ngel Vallejo Balda, su secretario Nicola Maio, la relaciones p\u00fablicas Francesca Immacolata Chaouqui y los periodistas Gianluigi Nuzzi y Emiliano Fittipaldi.<\/strong><\/p>\n<p align=\"justify\">\n<p style=\"text-align: justify;\">Monse\u00f1or Vallejo Balda ha sido el primero en ser interrogado. La audiencia celebrada hoy, la cuarta desde que inici\u00f3 el proceso en diciembre de 2015, ha durado tres horas y media. De este modo, ha comenzado hoy el interrogatorio al sacerdote espa\u00f1ol que concluir\u00e1 ma\u00f1ana. En el juicio estaban presentes tan solo cuatro de los imputados, ya que el periodista Nunzi no se ha presentado aunque s\u00ed su abogado, quien ha presentado un impedimento leg\u00edtimo para justificar\u00a0la ausencia de su defendido.<\/p>\n<p style=\"text-align: justify;\">Durante su interrogatorio, monse\u00f1or Vallejo ha confirmado las declaraciones ya prestadas en su momento a la polic\u00eda judicial, al fiscal y el memor\u00e1ndum previo al juicio. Asimismo, el fiscal\u00a0ha preguntado sobre\u00a0la \u201ccomisi\u00f3n en la sombra\u201d de la que varios testigos hablaron, en la que se acusaba a monse\u00f1or Vallejo, Francesca y Nicola de haber creado una especie de comisi\u00f3n paralela a la Cosea. Monse\u00f1or Vallejo lo ha negado asegurando que \u00e9l solo trabaja para la comisi\u00f3n creada por el Santo Padre y para la Prefectura de Asuntos Econ\u00f3micos.<\/p>\n<p style=\"text-align: justify;\">El fiscal ha preguntado directamente a monse\u00f1or Vallejo si recordaba haber entregado documentos a los periodistas. Tras explicar que cuando termin\u00f3 el trabajo de la comisi\u00f3n sucedieron \u201ccosas dolorosas\u201d y que \u201chubo tensiones\u201d, \u201cproblemas por la gesti\u00f3n y c\u00f3mo afrontarlo\u201d, ha reconocido que s\u00ed pas\u00f3 documentos. Tambi\u00e9n ha precisado que recibi\u00f3 mucha presi\u00f3n por parte de Chaouqui porque al concluir su trabajo en la Cosea, ella se quedaba sin trabajo y quer\u00eda seguir trabajando en el Vaticano.<\/p>\n<p style=\"text-align: justify;\">El acusado tambi\u00e9n ha reconocido que pas\u00f3 a Nuzzi cinco p\u00e1ginas con 85 contrase\u00f1as para acceder a e-mails y documentos. \u201cLo he hecho espont\u00e1neamente, probablemente no en plena lucidez\u201d. \u00a0Al mismo tiempo ha explicado que, cuando lo hizo, ten\u00eda la certeza de que su cuenta de e-mail \u201cya hab\u00eda sido violada\u201d.<\/p>\n<p style=\"text-align: justify;\">Profundizando en su relaci\u00f3n con Francesca, el sacerdote espa\u00f1ol ha explicado que se sent\u00eda bajo mucha presi\u00f3n respecto a ella, por sus contactos, su entorno y sus comportamientos. \u201cTen\u00eda miedo al mundo de Chaouqui\u201d ha explicado. Seg\u00fan ha asegurado monse\u00f1or Vallejo, Francesca\u00a0le cont\u00f3 que pertenec\u00eda a los servicios secretos.<\/p>\n<p style=\"text-align: justify;\">Por otra parte, el sacerdote ha asegurado que nunca entreg\u00f3 documentos en papel. Adem\u00e1s, ha reconocido que lleg\u00f3 un punto en el que si no gestionaba todo esto su situaci\u00f3n f\u00edsica corr\u00eda peligro.<\/p>\n<p style=\"text-align: justify;\">Se\u00f1alando varios momentos en los que empez\u00f3 a perder la confianza en su compa\u00f1era, ha precisado uno sucedido en diciembre de 2014, en la puerta de Santa Ana en el Vaticano. Ese d\u00eda, Francesca le dijo, ha contado monse\u00f1or Vallejo: \u201cAqu\u00ed tenemos que buscar ayuda y la \u00fanica ayuda posible es la mafia\u201d. Cuando ha hecho esta declaraci\u00f3n en el juicio, Chaouqui\u00a0se ha re\u00eddo.<\/p>\n<p style=\"text-align: justify;\">El sacerdote espa\u00f1ol ha asegurado que \u201cme sent\u00eda presionado, hac\u00eda cosas de las que evidentemente me sent\u00eda avergonzado, cosas que no pod\u00eda justificar\u201d. Por eso, escribi\u00f3 en su d\u00eda una carta a la Secretar\u00eda de Estado explicando algunas de sus preocupaciones por lo que estaba pasando.\u00a0Asimismo, ha reconocido estar convencido de que \u201cChaouqui le hab\u00eda contado a Nuzzi cosas personales de mi vida, mi familia, de mis relaciones con amigos\u201d.<\/p>\n<p style=\"text-align: justify;\">Por otro lado, ha indicado que el psiquiatra del Vaticano, en este tiempo que ha estado retenido, le est\u00e1 ayudando a recordar.<\/p>\n<p style=\"text-align: justify;\">Una novedad que ha surgido durante la sesi\u00f3n de hoy es que, seg\u00fan monse\u00f1or Vallejo,\u00a0el periodista Gianluigi Nuzzi ha publicado en su libro versiones previas de los documentos que \u00e9l le entreg\u00f3, lo que podr\u00eda ser una muestra de que alguien m\u00e1s le hab\u00eda pasado documentos al periodista.<\/p>\n<p style=\"text-align: justify;\">Al inicio de la audiencia, la abogada de Francesca Chaouqui ha pedido la lectura de la carta que su defendida ha escrito al Papa en la que pide ser absuelta del secreto pontificio para su defensa. Del mismo modo, ha entregado certificados m\u00e9dicos en los que muestra que su defendida tiene p\u00e9rdidas en el embarazo y corre el riesgo de un parto prematuro, pero confirma su intenci\u00f3n de seguir participando en el proceso. Ayer mismo, ha informado la abogada, estuvo en urgencias.<\/p>\n<p align=\"justify\">\n<p>Roc\u00edo Lancho Garc\u00eda\/ZENIT<\/p>\n<p style=\"text-align: justify;\">(ZENIT \u2013 Ciudad del Vaticano).-<\/p>\n","protected":false},"excerpt":{"rendered":"<p>Monse\u00f1or Vallejo reconoce ante el juez que entreg\u00f3 documentos a los periodistas En la audiencia del Lunes 14 de marzo, el sacerdote espa\u00f1ol explica que se sent\u00eda presionado y lleg\u00f3 a temer por su integridad f\u00edsica Este lunes los tribunales del Vaticano han retomado las audiencias del juicio por el robo y filtraci\u00f3n a la &hellip; <a href=\"https:\/\/www.biblia.work\/sermones\/monsenor-vallejo-reconoce-ante-el-juez-que-entrego-documentos-a-los-periodistas\/\" class=\"more-link\">Continuar leyendo<span class=\"screen-reader-text\"> \u00abMonse\u00f1or Vallejo reconoce ante el juez que entreg\u00f3 documentos a los periodistas\u00bb<\/span><\/a><\/p>\n","protected":false},"author":1,"featured_media":0,"comment_status":"open","ping_status":"closed","sticky":false,"template":"","format":"standard","meta":{"footnotes":""},"categories":[1],"tags":[],"class_list":["post-36765","post","type-post","status-publish","format-standard","hentry","category-general"],"_links":{"self":[{"href":"https:\/\/www.biblia.work\/sermones\/wp-json\/wp\/v2\/posts\/36765","targetHints":{"allow":["GET"]}}],"collection":[{"href":"https:\/\/www.biblia.work\/sermones\/wp-json\/wp\/v2\/posts"}],"about":[{"href":"https:\/\/www.biblia.work\/sermones\/wp-json\/wp\/v2\/types\/post"}],"author":[{"embeddable":true,"href":"https:\/\/www.biblia.work\/sermones\/wp-json\/wp\/v2\/users\/1"}],"replies":[{"embeddable":true,"href":"https:\/\/www.biblia.work\/sermones\/wp-json\/wp\/v2\/comments?post=36765"}],"version-history":[{"count":0,"href":"https:\/\/www.biblia.work\/sermones\/wp-json\/wp\/v2\/posts\/36765\/revisions"}],"wp:attachment":[{"href":"https:\/\/www.biblia.work\/sermones\/wp-json\/wp\/v2\/media?parent=36765"}],"wp:term":[{"taxonomy":"category","embeddable":true,"href":"https:\/\/www.biblia.work\/sermones\/wp-json\/wp\/v2\/categories?post=36765"},{"taxonomy":"post_tag","embeddable":true,"href":"https:\/\/www.biblia.work\/sermones\/wp-json\/wp\/v2\/tags?post=36765"}],"curies":[{"name":"wp","href":"https:\/\/api.w.org\/{rel}","templated":true}]}}