{"id":36766,"date":"2016-06-21T10:26:52","date_gmt":"2016-06-21T15:26:52","guid":{"rendered":"http:\/\/www.biblia.work\/sermones\/vatileaks-2-prosiguio-este-martes-15-de-marzo-con-dos-audiencias\/"},"modified":"2016-06-21T10:26:52","modified_gmt":"2016-06-21T15:26:52","slug":"vatileaks-2-prosiguio-este-martes-15-de-marzo-con-dos-audiencias","status":"publish","type":"post","link":"https:\/\/www.biblia.work\/sermones\/vatileaks-2-prosiguio-este-martes-15-de-marzo-con-dos-audiencias\/","title":{"rendered":"Vatileaks 2: prosigui\u00f3 este martes, 15 de marzo, con dos audiencias"},"content":{"rendered":"<p style=\"text-align: justify;\"><strong>\u00a0Vatileaks 2: prosigui\u00f3 este martes, 15 de marzo, con dos audiencias<\/strong><\/p>\n<p style=\"text-align: justify;\">\u00a0Es la quinta audiencia del proceso. Declararon el sacerdote Vallejo y el periodista italiano Fittipaldi<\/p>\n<p style=\"text-align: justify;\">\n<p align=\"justify\">Los tribunales del Vaticano tuvieron este martes por la ma\u00f1ana y por la tarde la quinta audiencia del proceso llamado Vatileaks 2, por robo y filtraci\u00f3n de documentos reservados.<\/p>\n<p style=\"text-align: justify;\">En las dos audiencias hodiernas declararon el sacerdote espa\u00f1ol Lucio \u00c1ngel Vallejo Balda y el periodista italiano Emiliano Fittipaldi.<\/p>\n<p style=\"text-align: justify;\">\u00a0El contenido de las audiencias fue explicado por el director de la Sala de Prensa de la Santa Sede, el padre Federico Lombardi, y al momento del env\u00edo del presente bolet\u00edn el contenido est\u00e1 a\u00fan bajo embargo.<\/p>\n<p style=\"text-align: justify;\">Podr\u00e1 ser le\u00eddo en breve en la p\u00e1gina es.zenit.org o ma\u00f1ana mi\u00e9rcoles llegar\u00e1 en el bolet\u00edn diario.<\/p>\n<p style=\"text-align: justify;\">Foto archivo: El portavoz de la Santa Sede, el padre Federico Lombardi anuncia en rueda de prensa el encuentro de Cuba de el Papa y el patriarca de Mosc\u00fa<\/p>\n<p style=\"text-align: justify;\">\u00a0(ZENIT \u2013 Ciudad del Vaticano). \u2013<\/p>\n","protected":false},"excerpt":{"rendered":"<p>\u00a0Vatileaks 2: prosigui\u00f3 este martes, 15 de marzo, con dos audiencias \u00a0Es la quinta audiencia del proceso. Declararon el sacerdote Vallejo y el periodista italiano Fittipaldi Los tribunales del Vaticano tuvieron este martes por la ma\u00f1ana y por la tarde la quinta audiencia del proceso llamado Vatileaks 2, por robo y filtraci\u00f3n de documentos reservados. &hellip; <a href=\"https:\/\/www.biblia.work\/sermones\/vatileaks-2-prosiguio-este-martes-15-de-marzo-con-dos-audiencias\/\" class=\"more-link\">Continuar leyendo<span class=\"screen-reader-text\"> \u00abVatileaks 2: prosigui\u00f3 este martes, 15 de marzo, con dos audiencias\u00bb<\/span><\/a><\/p>\n","protected":false},"author":1,"featured_media":0,"comment_status":"open","ping_status":"closed","sticky":false,"template":"","format":"standard","meta":{"footnotes":""},"categories":[1],"tags":[],"class_list":["post-36766","post","type-post","status-publish","format-standard","hentry","category-general"],"_links":{"self":[{"href":"https:\/\/www.biblia.work\/sermones\/wp-json\/wp\/v2\/posts\/36766","targetHints":{"allow":["GET"]}}],"collection":[{"href":"https:\/\/www.biblia.work\/sermones\/wp-json\/wp\/v2\/posts"}],"about":[{"href":"https:\/\/www.biblia.work\/sermones\/wp-json\/wp\/v2\/types\/post"}],"author":[{"embeddable":true,"href":"https:\/\/www.biblia.work\/sermones\/wp-json\/wp\/v2\/users\/1"}],"replies":[{"embeddable":true,"href":"https:\/\/www.biblia.work\/sermones\/wp-json\/wp\/v2\/comments?post=36766"}],"version-history":[{"count":0,"href":"https:\/\/www.biblia.work\/sermones\/wp-json\/wp\/v2\/posts\/36766\/revisions"}],"wp:attachment":[{"href":"https:\/\/www.biblia.work\/sermones\/wp-json\/wp\/v2\/media?parent=36766"}],"wp:term":[{"taxonomy":"category","embeddable":true,"href":"https:\/\/www.biblia.work\/sermones\/wp-json\/wp\/v2\/categories?post=36766"},{"taxonomy":"post_tag","embeddable":true,"href":"https:\/\/www.biblia.work\/sermones\/wp-json\/wp\/v2\/tags?post=36766"}],"curies":[{"name":"wp","href":"https:\/\/api.w.org\/{rel}","templated":true}]}}