{"id":36768,"date":"2016-06-21T10:26:58","date_gmt":"2016-06-21T15:26:58","guid":{"rendered":"http:\/\/www.biblia.work\/sermones\/madre-teresa-de-calcuta-santa-el-4-de-septiembre\/"},"modified":"2016-06-21T10:26:58","modified_gmt":"2016-06-21T15:26:58","slug":"madre-teresa-de-calcuta-santa-el-4-de-septiembre","status":"publish","type":"post","link":"https:\/\/www.biblia.work\/sermones\/madre-teresa-de-calcuta-santa-el-4-de-septiembre\/","title":{"rendered":"Madre Teresa de Calcuta, santa el 4 de septiembre"},"content":{"rendered":"<p align=\"justify\">Madre Teresa de Calcuta, santa el 4 de septiembre. El papa Francisco presidir\u00e1 su canonizaci\u00f3n el domingo 4 de septiembre<\/p>\n<p align=\"justify\">Con la celebraci\u00f3n de la Hora Tercia, el Papa Francisco presidi\u00f3 el Consistorio Ordinario P\u00fablico para las Canonizaciones de los beatos: Teresa de Calcuta, Jos\u00e9 S\u00e1nchez del R\u00edo, el Cura Brochero, Mar\u00eda Isabel Hesselblad y Estanislao de Jes\u00fas y Mar\u00eda.<\/p>\n<p align=\"justify\">El Santo Padre Francisco anunci\u00f3 las fechas de canonizaci\u00f3n de los cinco nuevos Santos de la Iglesia Universal:<\/p>\n<p align=\"justify\"><strong>El 5 de junio de 2016 <\/strong>para Estanislao de Jes\u00fas y Mar\u00eda (Jan Papczy\u0144ski) sacerdote, fundador de la Orden de Cl\u00e9rigos Marianos de la Inmaculada Virgen Mar\u00eda. Y para Mar\u00eda Isabel Hesselblad, virgen, fundadora de la Orden del Sant\u00edsimo Salvador de Santa Br\u00edgida<\/p>\n<p align=\"justify\"><strong>El 4 de septiembre de 2016<\/strong> para la Madre Teresa de Calcuta (Agnes Gonxha Bojaxhiu) virgen, fundadora de la Congregaci\u00f3n de los Misioneros y de las Misioneras de la Caridad<\/p>\n<p align=\"justify\"><strong>Y el 16 de octubre de 2016<\/strong> para Jos\u00e9 Gabriel del Rosario Brochero, el \u201cCura Brochero\u201d, sacerdote de la di\u00f3cesis de C\u00f3rdoba, Argentina. Y Jos\u00e9 S\u00e1nchez del R\u00edo, joven m\u00e1rtir mexicano.<\/p>\n<p align=\"justify\">Con la tradicional f\u00f3rmula en lat\u00edn el Santo Padre anunci\u00f3 las fechas en que los cinco beatos ser\u00e1n inscritos en el Libro de los Santos.<\/p>\n<p align=\"justify\">(CdM \u2013 RV)<\/p>\n","protected":false},"excerpt":{"rendered":"<p>Madre Teresa de Calcuta, santa el 4 de septiembre. El papa Francisco presidir\u00e1 su canonizaci\u00f3n el domingo 4 de septiembre Con la celebraci\u00f3n de la Hora Tercia, el Papa Francisco presidi\u00f3 el Consistorio Ordinario P\u00fablico para las Canonizaciones de los beatos: Teresa de Calcuta, Jos\u00e9 S\u00e1nchez del R\u00edo, el Cura Brochero, Mar\u00eda Isabel Hesselblad y &hellip; <a href=\"https:\/\/www.biblia.work\/sermones\/madre-teresa-de-calcuta-santa-el-4-de-septiembre\/\" class=\"more-link\">Continuar leyendo<span class=\"screen-reader-text\"> \u00abMadre Teresa de Calcuta, santa el 4 de septiembre\u00bb<\/span><\/a><\/p>\n","protected":false},"author":1,"featured_media":0,"comment_status":"open","ping_status":"closed","sticky":false,"template":"","format":"standard","meta":{"footnotes":""},"categories":[1],"tags":[],"class_list":["post-36768","post","type-post","status-publish","format-standard","hentry","category-general"],"_links":{"self":[{"href":"https:\/\/www.biblia.work\/sermones\/wp-json\/wp\/v2\/posts\/36768","targetHints":{"allow":["GET"]}}],"collection":[{"href":"https:\/\/www.biblia.work\/sermones\/wp-json\/wp\/v2\/posts"}],"about":[{"href":"https:\/\/www.biblia.work\/sermones\/wp-json\/wp\/v2\/types\/post"}],"author":[{"embeddable":true,"href":"https:\/\/www.biblia.work\/sermones\/wp-json\/wp\/v2\/users\/1"}],"replies":[{"embeddable":true,"href":"https:\/\/www.biblia.work\/sermones\/wp-json\/wp\/v2\/comments?post=36768"}],"version-history":[{"count":0,"href":"https:\/\/www.biblia.work\/sermones\/wp-json\/wp\/v2\/posts\/36768\/revisions"}],"wp:attachment":[{"href":"https:\/\/www.biblia.work\/sermones\/wp-json\/wp\/v2\/media?parent=36768"}],"wp:term":[{"taxonomy":"category","embeddable":true,"href":"https:\/\/www.biblia.work\/sermones\/wp-json\/wp\/v2\/categories?post=36768"},{"taxonomy":"post_tag","embeddable":true,"href":"https:\/\/www.biblia.work\/sermones\/wp-json\/wp\/v2\/tags?post=36768"}],"curies":[{"name":"wp","href":"https:\/\/api.w.org\/{rel}","templated":true}]}}