{"id":36769,"date":"2016-06-21T10:27:02","date_gmt":"2016-06-21T15:27:02","guid":{"rendered":"http:\/\/www.biblia.work\/sermones\/en-el-ambulatorio-medico-sanitario-de-la-limosneria-vaticana-nuevo-servicio-de-podologia\/"},"modified":"2016-06-21T10:27:02","modified_gmt":"2016-06-21T15:27:02","slug":"en-el-ambulatorio-medico-sanitario-de-la-limosneria-vaticana-nuevo-servicio-de-podologia","status":"publish","type":"post","link":"https:\/\/www.biblia.work\/sermones\/en-el-ambulatorio-medico-sanitario-de-la-limosneria-vaticana-nuevo-servicio-de-podologia\/","title":{"rendered":"En el ambulatorio m\u00e9dico-sanitario de la Limosner\u00eda vaticana: nuevo servicio de podolog\u00eda"},"content":{"rendered":"<p style=\"text-align: justify;\"><strong>\u00a0En el ambulatorio m\u00e9dico-sanitario de la Limosner\u00eda vaticana: nuevo servicio de podolog\u00eda<\/strong><\/p>\n<p style=\"text-align: justify;\">Est\u00e1n los famosos \u00abcallos\u00bb, cient\u00edficamente llamados hiperqueratosis, pero tambi\u00e9n las u\u00f1as encarnadas y las hipertr\u00f3ficas entre las patolog\u00edas m\u00e1s frecuentes del pie que desde el 14 de marzo, por la ma\u00f1ana, pueden ser tratados en el \u00abambulatorio m\u00e9dico-sanitario\u00bb de la Limosner\u00eda apost\u00f3lica.<\/p>\n<p style=\"text-align: justify;\">Ubicado bajo la columnata de la plaza de San Pedro, precisamente junto al servicio de duchas y barber\u00eda, se ocupar\u00e1 de brindar una primera atenci\u00f3n a las patolog\u00edas m\u00e1s comunes del pie que, para quienes viven en la calle, es causa de doloroso fastidio.<\/p>\n<p style=\"text-align: justify;\">Como explica el limosnero, arzobispo Konrad Krajewski, el servicio es gratuito y lo brinda la Asociaci\u00f3n italiana de pod\u00f3logos. El proyecto, guiado por Mauro Montesi, docente y coordinador del curso de licenciatura en podolog\u00eda de la Universidad de La Sapienza de Roma y presidente de la Asociaci\u00f3n italiana de pod\u00f3logos, dispone por el momento, con su presencia durante el d\u00eda lunes, de las 8.30 alas 12.00, de un especialista y de tres estudiantes de tercer a\u00f1o del curso de licenciatura en podolog\u00eda. Se proyecta que, de a poco, la asistencia se ir\u00e1 ampliando y los d\u00edas de apertura ser\u00e1n m\u00faltiples. Explica la pod\u00f3loga Silvana De Luca, la primera que cubre el turno el primer d\u00eda de apertura, que son cinco los especialistas que rotar\u00e1n semanalmente en la estructura. En cada ocasi\u00f3n estar\u00e1n acompa\u00f1ados por tres estudiantes distintos. En un futuro breve, se tiene pensado equipar con otros aparatos m\u00e9dicos, como el que se usa para el tratamiento de la onicocriptosis, de modo que se pueda intervenir de forma eficaz en las patolog\u00edas.<\/p>\n","protected":false},"excerpt":{"rendered":"<p>\u00a0En el ambulatorio m\u00e9dico-sanitario de la Limosner\u00eda vaticana: nuevo servicio de podolog\u00eda Est\u00e1n los famosos \u00abcallos\u00bb, cient\u00edficamente llamados hiperqueratosis, pero tambi\u00e9n las u\u00f1as encarnadas y las hipertr\u00f3ficas entre las patolog\u00edas m\u00e1s frecuentes del pie que desde el 14 de marzo, por la ma\u00f1ana, pueden ser tratados en el \u00abambulatorio m\u00e9dico-sanitario\u00bb de la Limosner\u00eda apost\u00f3lica. Ubicado &hellip; <a href=\"https:\/\/www.biblia.work\/sermones\/en-el-ambulatorio-medico-sanitario-de-la-limosneria-vaticana-nuevo-servicio-de-podologia\/\" class=\"more-link\">Continuar leyendo<span class=\"screen-reader-text\"> \u00abEn el ambulatorio m\u00e9dico-sanitario de la Limosner\u00eda vaticana: nuevo servicio de podolog\u00eda\u00bb<\/span><\/a><\/p>\n","protected":false},"author":1,"featured_media":0,"comment_status":"open","ping_status":"closed","sticky":false,"template":"","format":"standard","meta":{"footnotes":""},"categories":[1],"tags":[],"class_list":["post-36769","post","type-post","status-publish","format-standard","hentry","category-general"],"_links":{"self":[{"href":"https:\/\/www.biblia.work\/sermones\/wp-json\/wp\/v2\/posts\/36769","targetHints":{"allow":["GET"]}}],"collection":[{"href":"https:\/\/www.biblia.work\/sermones\/wp-json\/wp\/v2\/posts"}],"about":[{"href":"https:\/\/www.biblia.work\/sermones\/wp-json\/wp\/v2\/types\/post"}],"author":[{"embeddable":true,"href":"https:\/\/www.biblia.work\/sermones\/wp-json\/wp\/v2\/users\/1"}],"replies":[{"embeddable":true,"href":"https:\/\/www.biblia.work\/sermones\/wp-json\/wp\/v2\/comments?post=36769"}],"version-history":[{"count":0,"href":"https:\/\/www.biblia.work\/sermones\/wp-json\/wp\/v2\/posts\/36769\/revisions"}],"wp:attachment":[{"href":"https:\/\/www.biblia.work\/sermones\/wp-json\/wp\/v2\/media?parent=36769"}],"wp:term":[{"taxonomy":"category","embeddable":true,"href":"https:\/\/www.biblia.work\/sermones\/wp-json\/wp\/v2\/categories?post=36769"},{"taxonomy":"post_tag","embeddable":true,"href":"https:\/\/www.biblia.work\/sermones\/wp-json\/wp\/v2\/tags?post=36769"}],"curies":[{"name":"wp","href":"https:\/\/api.w.org\/{rel}","templated":true}]}}