{"id":36770,"date":"2016-06-21T10:27:06","date_gmt":"2016-06-21T15:27:06","guid":{"rendered":"http:\/\/www.biblia.work\/sermones\/vatileak-2-audiencia-a-puerta-cerrada-convocatoria-para-el-lunes\/"},"modified":"2016-06-21T10:27:06","modified_gmt":"2016-06-21T15:27:06","slug":"vatileak-2-audiencia-a-puerta-cerrada-convocatoria-para-el-lunes","status":"publish","type":"post","link":"https:\/\/www.biblia.work\/sermones\/vatileak-2-audiencia-a-puerta-cerrada-convocatoria-para-el-lunes\/","title":{"rendered":"Vatileak 2: audiencia a puerta cerrada, convocatoria para el lunes"},"content":{"rendered":"<p style=\"text-align: justify;\"><strong>Vatileak 2: audiencia a puerta cerrada, convocatoria para el lunes 14 de marzo<\/strong><\/p>\n<p style=\"text-align: justify;\">Los peritos de parte presentaron sus informes. La instancia judicial dur\u00f3 aproximadamente una hora<\/p>\n<p style=\"text-align: justify;\"> La primera audiencia del a\u00f1o en el proceso judicial llamado Vatileaks 2, se realiz\u00f3 este s\u00e1bado en el Vaticano a puertas cerradas.<\/p>\n<p style=\"text-align: justify;\">Durante la instancia judicial los peritos de parte presentaron sus informes. La audiencia que retoma despu\u00e9s de la pausa de fin de a\u00f1o deber\u00e1 juzgar a cinco personas acusadas de sustracci\u00f3n y fuga de documentos reservados del Papa y de la Santa Sede.<\/p>\n<p style=\"text-align: justify;\">Lo inform\u00f3 este s\u00e1bado el director de la Oficina de Prensa de la Santa Sede, padre Federico Lombardi, en una rueda de prensa informal, precisando que en la audiencia que dur\u00f3 solo una hora estaban presentes adem\u00e1s de los jueces, el promotor de justicia, los abogados defensores y los cinco imputados.<\/p>\n<p style=\"text-align: justify;\">Ellos son dos ex miembros de la comisi\u00f3n COSEA: Francesca Immacolata Chaouqui y monse\u00f1or Cesar Vallejo, adem\u00e1s de Nicola Maio, colaborador del sacerdote. La pericia inform\u00e1tica presentada ha sido sobre los chat, e-mail y tweets, como solicitado por la abogada defensora de la imputada Chaouqui; la otra es una pericia psiqui\u00e1trica de monse\u00f1or Vallejo.<\/p>\n<p style=\"text-align: justify;\">La comisi\u00f3n COSEA fue instituida por el papa Francisco para relevar irregularidades el Vaticano y Curia Romana, y realizar un informe destinado a ayudarle en su labor de reforma. Dicho estudio reservado junto a algunos otros documentos acab\u00f3 en las manos de los periodistas Emiliano Fittipaldi y Gianluigi Nuzzi autores respectivamente de los libros Avaricia y Via Crucis.<\/p>\n<p style=\"text-align: justify;\">Los dos comunicadores est\u00e1n ahora imputados en el proceso, y ser\u00edan juzgados principalmente por c\u00f3mo consiguieron los documentos, seg\u00fan informaciones anteriormente dadas.<\/p>\n<p align=\"justify\">Foto: Uno De Los Ingresos De La Ciudad Del Vaticano<\/p>\n<p align=\"justify\">(ZENIT \u2013 Ciudad del Vaticano).-<\/p>\n","protected":false},"excerpt":{"rendered":"<p>Vatileak 2: audiencia a puerta cerrada, convocatoria para el lunes 14 de marzo Los peritos de parte presentaron sus informes. La instancia judicial dur\u00f3 aproximadamente una hora La primera audiencia del a\u00f1o en el proceso judicial llamado Vatileaks 2, se realiz\u00f3 este s\u00e1bado en el Vaticano a puertas cerradas. Durante la instancia judicial los peritos &hellip; <a href=\"https:\/\/www.biblia.work\/sermones\/vatileak-2-audiencia-a-puerta-cerrada-convocatoria-para-el-lunes\/\" class=\"more-link\">Continuar leyendo<span class=\"screen-reader-text\"> \u00abVatileak 2: audiencia a puerta cerrada, convocatoria para el lunes\u00bb<\/span><\/a><\/p>\n","protected":false},"author":1,"featured_media":0,"comment_status":"open","ping_status":"closed","sticky":false,"template":"","format":"standard","meta":{"footnotes":""},"categories":[1],"tags":[],"class_list":["post-36770","post","type-post","status-publish","format-standard","hentry","category-general"],"_links":{"self":[{"href":"https:\/\/www.biblia.work\/sermones\/wp-json\/wp\/v2\/posts\/36770","targetHints":{"allow":["GET"]}}],"collection":[{"href":"https:\/\/www.biblia.work\/sermones\/wp-json\/wp\/v2\/posts"}],"about":[{"href":"https:\/\/www.biblia.work\/sermones\/wp-json\/wp\/v2\/types\/post"}],"author":[{"embeddable":true,"href":"https:\/\/www.biblia.work\/sermones\/wp-json\/wp\/v2\/users\/1"}],"replies":[{"embeddable":true,"href":"https:\/\/www.biblia.work\/sermones\/wp-json\/wp\/v2\/comments?post=36770"}],"version-history":[{"count":0,"href":"https:\/\/www.biblia.work\/sermones\/wp-json\/wp\/v2\/posts\/36770\/revisions"}],"wp:attachment":[{"href":"https:\/\/www.biblia.work\/sermones\/wp-json\/wp\/v2\/media?parent=36770"}],"wp:term":[{"taxonomy":"category","embeddable":true,"href":"https:\/\/www.biblia.work\/sermones\/wp-json\/wp\/v2\/categories?post=36770"},{"taxonomy":"post_tag","embeddable":true,"href":"https:\/\/www.biblia.work\/sermones\/wp-json\/wp\/v2\/tags?post=36770"}],"curies":[{"name":"wp","href":"https:\/\/api.w.org\/{rel}","templated":true}]}}