{"id":36771,"date":"2016-06-21T10:27:16","date_gmt":"2016-06-21T15:27:16","guid":{"rendered":"http:\/\/www.biblia.work\/sermones\/el-vaticano-encarcela-de-nuevo-al-cura-espanol-lucio-vallejo-por-comunicarse-con-el-exterior\/"},"modified":"2016-06-21T10:27:16","modified_gmt":"2016-06-21T15:27:16","slug":"el-vaticano-encarcela-de-nuevo-al-cura-espanol-lucio-vallejo-por-comunicarse-con-el-exterior","status":"publish","type":"post","link":"https:\/\/www.biblia.work\/sermones\/el-vaticano-encarcela-de-nuevo-al-cura-espanol-lucio-vallejo-por-comunicarse-con-el-exterior\/","title":{"rendered":"El Vaticano encarcela de nuevo al cura espa\u00f1ol Lucio Vallejo por comunicarse con el exterior"},"content":{"rendered":"<p align=\"justify\"><strong>Vaticano encarcela de nuevo al cura espa\u00f1ol Lucio Vallejo por comunicarse con el exterior<\/strong><\/p>\n<p align=\"justify\">Efe\/El Mundo: El sacerdote espa\u00f1ol Lucio Vallejo, acusado de revelar secretos de la Santa Sede, ha sido nuevamente encarcelado como medida cautelar por el Vaticano, que le ha revocado el arresto domiciliario por comunicarse con el exterior.<\/p>\n<p align=\"justify\">El portavoz vaticano,\u00a0<strong>Federico Lombardi<\/strong>, explic\u00f3 este s\u00e1bado que\u00a0Vallejo Balda, imputado con otras cuatro personas en este caso conocido como\u00a0<strong>&#8220;Vatileaks 2<\/strong>&#8220;, est\u00e1 nuevamente detenido en la Gendarmer\u00eda &#8220;desde hace algunos d\u00edas&#8221;, alrededor de una semana.<\/p>\n<p align=\"justify\">El Tribunal del Estado de la Ciudad del Vaticano ha optado por estipular esta medida debido a que\u00a0<strong>el sacerdote espa\u00f1ol &#8220;hab\u00eda violado la prohibici\u00f3n de comunicarse con el exterior<\/strong>&#8220;, una condici\u00f3n de la que depend\u00eda el arresto domiciliario.<\/p>\n<p align=\"justify\">&#8220;Se estaba comunicando con personas. El arresto domiciliario estaba condicionado al l\u00edmite sobre la comunicaci\u00f3n (&#8230;) Es por lo que \u00e9l ha sido nuevamente arrestado, para que no continuara manteniendo comunicaci\u00f3n con el exterior&#8221;, aclar\u00f3 el portavoz.<\/p>\n<p align=\"justify\">El sacerdote fue secretario de la extinta Comisi\u00f3n investigadora de los organismos econ\u00f3micos y administrativos de la Santa Sede (COSEA) y encara este proceso penal acusado de divulgar documentos clasificados del Vaticano.<\/p>\n<p align=\"justify\">Por esa raz\u00f3n fue detenido como medida preventiva por el Vaticano el 1 de diciembre del a\u00f1o pasado y el d\u00eda 23 de ese mismo mes se le concedi\u00f3 el arresto domiciliario, una situaci\u00f3n revocada ahora por la Justicia de la Santa Sede.<\/p>\n<p align=\"justify\">Junto a \u00e9l permanecen imputados la ex relaciones p\u00fablicas\u00a0<strong>Francesca Chaouqui<\/strong>, el antiguo miembro de la COSEA\u00a0<strong>Nicola Maio<\/strong>, as\u00ed como los periodistas que publicaron sendos libros con los secretos difundidos,\u00a0<strong>Gianluigi Nuzzi y Emiliano Fittipaldi.<\/strong><\/p>\n<h3>Reanudaci\u00f3n del juicio<\/h3>\n<p align=\"justify\">El juicio se reanud\u00f3 el s\u00e1bado despu\u00e9s de tres meses y medio de par\u00f3n y en la vista a puerta cerrada y de una hora de duraci\u00f3n se present\u00f3 la pericia t\u00e9cnica solicitada para &#8220;valorar la correspondencia y el material inform\u00e1tico relevante para el proceso&#8221;.<\/p>\n<p align=\"justify\">Esto se debe a la petici\u00f3n de la propia Chaouqui de nombrar un perito externo al Vaticano que examine el material inform\u00e1tico y la documentaci\u00f3n que se aportar\u00e1 durante el juicio.<\/p>\n<p align=\"justify\">La pr\u00f3xima audiencia del proceso tendr\u00e1 lugar el pr\u00f3ximo lunes y tendr\u00e1 un car\u00e1cter p\u00fablico, ya que se permitir\u00e1 el acceso a una serie de periodistas.<\/p>\n","protected":false},"excerpt":{"rendered":"<p>Vaticano encarcela de nuevo al cura espa\u00f1ol Lucio Vallejo por comunicarse con el exterior Efe\/El Mundo: El sacerdote espa\u00f1ol Lucio Vallejo, acusado de revelar secretos de la Santa Sede, ha sido nuevamente encarcelado como medida cautelar por el Vaticano, que le ha revocado el arresto domiciliario por comunicarse con el exterior. El portavoz vaticano,\u00a0Federico Lombardi, &hellip; <a href=\"https:\/\/www.biblia.work\/sermones\/el-vaticano-encarcela-de-nuevo-al-cura-espanol-lucio-vallejo-por-comunicarse-con-el-exterior\/\" class=\"more-link\">Continuar leyendo<span class=\"screen-reader-text\"> \u00abEl Vaticano encarcela de nuevo al cura espa\u00f1ol Lucio Vallejo por comunicarse con el exterior\u00bb<\/span><\/a><\/p>\n","protected":false},"author":1,"featured_media":0,"comment_status":"open","ping_status":"closed","sticky":false,"template":"","format":"standard","meta":{"footnotes":""},"categories":[1],"tags":[],"class_list":["post-36771","post","type-post","status-publish","format-standard","hentry","category-general"],"_links":{"self":[{"href":"https:\/\/www.biblia.work\/sermones\/wp-json\/wp\/v2\/posts\/36771","targetHints":{"allow":["GET"]}}],"collection":[{"href":"https:\/\/www.biblia.work\/sermones\/wp-json\/wp\/v2\/posts"}],"about":[{"href":"https:\/\/www.biblia.work\/sermones\/wp-json\/wp\/v2\/types\/post"}],"author":[{"embeddable":true,"href":"https:\/\/www.biblia.work\/sermones\/wp-json\/wp\/v2\/users\/1"}],"replies":[{"embeddable":true,"href":"https:\/\/www.biblia.work\/sermones\/wp-json\/wp\/v2\/comments?post=36771"}],"version-history":[{"count":0,"href":"https:\/\/www.biblia.work\/sermones\/wp-json\/wp\/v2\/posts\/36771\/revisions"}],"wp:attachment":[{"href":"https:\/\/www.biblia.work\/sermones\/wp-json\/wp\/v2\/media?parent=36771"}],"wp:term":[{"taxonomy":"category","embeddable":true,"href":"https:\/\/www.biblia.work\/sermones\/wp-json\/wp\/v2\/categories?post=36771"},{"taxonomy":"post_tag","embeddable":true,"href":"https:\/\/www.biblia.work\/sermones\/wp-json\/wp\/v2\/tags?post=36771"}],"curies":[{"name":"wp","href":"https:\/\/api.w.org\/{rel}","templated":true}]}}