{"id":36772,"date":"2016-06-21T10:27:20","date_gmt":"2016-06-21T15:27:20","guid":{"rendered":"http:\/\/www.biblia.work\/sermones\/papa-francisco-pregonero-de-la-misericordia-de-dios\/"},"modified":"2016-06-21T10:27:20","modified_gmt":"2016-06-21T15:27:20","slug":"papa-francisco-pregonero-de-la-misericordia-de-dios","status":"publish","type":"post","link":"https:\/\/www.biblia.work\/sermones\/papa-francisco-pregonero-de-la-misericordia-de-dios\/","title":{"rendered":"Papa Francisco, pregonero de la Misericordia de Dios"},"content":{"rendered":"<p align=\"justify\"><strong>Papa Francisco, pregonero de la Misericordia de Dios<\/strong><\/p>\n<p align=\"justify\">Foto: El Card. Bergoglio reci\u00e9n elegido como Sucesor de Pedro &#8211; AFP<\/p>\n<p>\u00a0(RV).- El Pontificado del <strong>Papa Francisco<\/strong> es un preg\u00f3n infatigable de la <strong>Misericordia de Dios<\/strong>, <strong>cuyo rostro es Cristo<\/strong>, se\u00f1ala el <strong>Card. Dar\u00edo Castrill\u00f3n Hoyos<\/strong>, Prefecto em\u00e9rito de la Congregaci\u00f3n para el Clero. Tras destacar que es un \u00abregalo de Dios al mundo cat\u00f3lico y no s\u00f3lo\u00bb, el purpurado colombiano recuerda algunos rasgos y momentos de los tres a\u00f1os transcurridos, desde el 13 de marzo de 2013.<\/p>\n<p>Como el Jubileo de la Misericordia, la constante preocupaci\u00f3n del Obispo de Roma por la paz del mundo, su cercan\u00eda a los que sufren, sin olvidar la reforma de la Curia Romana. La entrevista es de Alberto Goroni.<\/p>\n<p style=\"text-align: justify;\">(CdM \u2013 RV)<\/p>\n","protected":false},"excerpt":{"rendered":"<p>Papa Francisco, pregonero de la Misericordia de Dios Foto: El Card. Bergoglio reci\u00e9n elegido como Sucesor de Pedro &#8211; AFP \u00a0(RV).- El Pontificado del Papa Francisco es un preg\u00f3n infatigable de la Misericordia de Dios, cuyo rostro es Cristo, se\u00f1ala el Card. Dar\u00edo Castrill\u00f3n Hoyos, Prefecto em\u00e9rito de la Congregaci\u00f3n para el Clero. Tras destacar &hellip; <a href=\"https:\/\/www.biblia.work\/sermones\/papa-francisco-pregonero-de-la-misericordia-de-dios\/\" class=\"more-link\">Continuar leyendo<span class=\"screen-reader-text\"> \u00abPapa Francisco, pregonero de la Misericordia de Dios\u00bb<\/span><\/a><\/p>\n","protected":false},"author":1,"featured_media":0,"comment_status":"open","ping_status":"closed","sticky":false,"template":"","format":"standard","meta":{"footnotes":""},"categories":[1],"tags":[],"class_list":["post-36772","post","type-post","status-publish","format-standard","hentry","category-general"],"_links":{"self":[{"href":"https:\/\/www.biblia.work\/sermones\/wp-json\/wp\/v2\/posts\/36772","targetHints":{"allow":["GET"]}}],"collection":[{"href":"https:\/\/www.biblia.work\/sermones\/wp-json\/wp\/v2\/posts"}],"about":[{"href":"https:\/\/www.biblia.work\/sermones\/wp-json\/wp\/v2\/types\/post"}],"author":[{"embeddable":true,"href":"https:\/\/www.biblia.work\/sermones\/wp-json\/wp\/v2\/users\/1"}],"replies":[{"embeddable":true,"href":"https:\/\/www.biblia.work\/sermones\/wp-json\/wp\/v2\/comments?post=36772"}],"version-history":[{"count":0,"href":"https:\/\/www.biblia.work\/sermones\/wp-json\/wp\/v2\/posts\/36772\/revisions"}],"wp:attachment":[{"href":"https:\/\/www.biblia.work\/sermones\/wp-json\/wp\/v2\/media?parent=36772"}],"wp:term":[{"taxonomy":"category","embeddable":true,"href":"https:\/\/www.biblia.work\/sermones\/wp-json\/wp\/v2\/categories?post=36772"},{"taxonomy":"post_tag","embeddable":true,"href":"https:\/\/www.biblia.work\/sermones\/wp-json\/wp\/v2\/tags?post=36772"}],"curies":[{"name":"wp","href":"https:\/\/api.w.org\/{rel}","templated":true}]}}