{"id":36773,"date":"2016-06-21T10:27:24","date_gmt":"2016-06-21T15:27:24","guid":{"rendered":"http:\/\/www.biblia.work\/sermones\/los-nuevos-milagros-reconocidos-que-permitiran-canonizaciones-y-beatificaciones\/"},"modified":"2016-06-21T10:27:24","modified_gmt":"2016-06-21T15:27:24","slug":"los-nuevos-milagros-reconocidos-que-permitiran-canonizaciones-y-beatificaciones","status":"publish","type":"post","link":"https:\/\/www.biblia.work\/sermones\/los-nuevos-milagros-reconocidos-que-permitiran-canonizaciones-y-beatificaciones\/","title":{"rendered":"Los nuevos milagros reconocidos que permitir\u00e1n canonizaciones y beatificaciones"},"content":{"rendered":"<p style=\"text-align: justify;\"><strong>\u00a0Los nuevos milagros reconocidos que permitir\u00e1n canonizaciones y beatificaciones<\/strong><\/p>\n<p style=\"text-align: justify;\">\u00a0Los autoriz\u00f3 el Papa Francisco antes de partir hacia el retiro espiritual que est\u00e1 realizando junto a la Curia Romana<\/p>\n<p align=\"justify\">El papa Francisco poco antes de partir para el retiro espiritual que est\u00e1 realizando en Aricia, a pocos kil\u00f3metros de Roma, tuvo una audiencia con el cardenal Angelo Amato, S.D.B., prefecto de la Congregaci\u00f3n de la causa de los santos, durante la cual autoriz\u00f3 la promulgaci\u00f3n de diversos decretos sobre las virtudes heroicas y los milagros, necesarios para proseguir con los procesos de canonizaci\u00f3n de varios siervos de Dios y beatos.<\/p>\n<p style=\"text-align: justify;\"><strong>\u00a0Los milagros reconocidos que abren la puerta a la canonizaci\u00f3n:<\/strong><\/p>\n<p style=\"text-align: justify;\">Uno es el del beato espa\u00f1ol Emanuel Gonz\u00e1lez Garc\u00eda, obispo de Palencia, fundador de la Uni\u00f3n Eucar\u00edstica Reparadora y de la Congregaci\u00f3n de \u00f1as Hermanas Misioneras Eucar\u00edsticas de Nazaret. Naci\u00f3 el 25 de febrero de 1877 y falleci\u00f3 el 4 de enero de 1940.<\/p>\n<p style=\"text-align: justify;\">Otro es el milagro atribuido a la intercesi\u00f3n de la monja francesa carmelita descalza, beata Isabel de la Trinidad (en el siglo Isabel C\u00e1tez). Naci\u00f3 el 18 de julio de 1880 y falleci\u00f3 el 9 de noviembre de 1906.<\/p>\n<p style=\"text-align: justify;\"><strong>Los milagros que abren la puerta a la beatificaci\u00f3n:<\/strong><\/p>\n<p style=\"text-align: justify;\">Son el de la venerable sierva de Dios, <strong>Mar\u00eda Antonia de San Jos\u00e9<\/strong> (en el siglo Mar\u00eda Antonia de Paz y Figueroa), fundadora en Argentina de la casa de ejercicios espirituales de Buenos Aires. Naci\u00f3 en 1730, muri\u00f3 el 7 de marzo de 1799.<\/p>\n<p style=\"text-align: justify;\">Y el<strong> milagro atribuido a la intercesi\u00f3n del venerable siervo de Dios, Mar\u00eda-Eugenio del Ni\u00f1o Jes\u00fas<\/strong>, sacerdote franc\u00e9s de la orden de los carmelitas descalzos, fundador del Instituto secular Nuestra Se\u00f1ora de la Vida. Naci\u00f3 el 2 de diciembre de 1894 y falleci\u00f3 el 27 de marzo de 1967).<\/p>\n<p style=\"text-align: justify;\">Adem\u00e1s fueron aprobadas las <strong>virtudes heroicas de 7 siervos de Dios<\/strong>, lo que abrir\u00e1 el camino a la<strong> beatificaci\u00f3n<\/strong> despu\u00e9s que se apruebe un milagro. Ellos son:<\/p>\n<p style=\"text-align: justify;\"><strong>Stefano Ferrando<\/strong>: Sociedad Salesiana de San Juan Bosco, arzobispo titular de Troina y obispo de Shillong. Fundador de la Congregaci\u00f3n de las Hermanas Misioneras de Mar\u00eda Auxiliadora de los Cristianos. Naci\u00f3 el 28 de septiembre de 1895 y muri\u00f3 el 20 de junio de 1978.<\/p>\n<p style=\"text-align: justify;\"><strong>Enrico Battista Stanislao Verjus<\/strong>: Congregaci\u00f3n de los Misioneros del Sagrado Coraz\u00f3n de Jes\u00fas, obispo titular de Limyra, coadjutor del vicario apost\u00f3lico de Nueva Guinea. Naci\u00f3 el 26 de mayo de 1860 y muri\u00f3 el 13 de noviembre de 1892.<\/p>\n<p style=\"text-align: justify;\"><strong>Giovanni Battista Quilici<\/strong>: sacerdote diocesano y p\u00e1rroco. Fundador Congregaci\u00f3n de las Hermanas del Crucificado. Naci\u00f3 el 26 de abril de 1791 y muri\u00f3 el 10 de junio de 1844.<\/p>\n<p style=\"text-align: justify;\"><strong>\u00a0Bernardo Mattio<\/strong>: sacerdote diocesano italiano y p\u00e1rroco. Naci\u00f3 el 2 de enero de 1845 y muri\u00f3 el 11 de abril de 1914.<\/p>\n<p style=\"text-align: justify;\"><strong>Quirico Pignalberi<\/strong>: sacerdote italiano de la Orden de los Hermanos Menores Conventuales. Naci\u00f3 el 11 de julio de 1891 y muri\u00f3 el 18 de julio de 1982.<\/p>\n<p style=\"text-align: justify;\"><strong>Teodora Campostrini<\/strong>: italiana fundadora de la Congregaci\u00f3n de las Hermanas M\u00ednimas de la Caridad de Mar\u00eda Dolorosa. Naci\u00f3 el 26 de octubre de 1788 y muri\u00f3 el 22 de mayo de 1860.<\/p>\n<p style=\"text-align: justify;\"><strong>Blanca Piccolomini Clementino<\/strong>: italiana fundadora de la Compa\u00f1\u00eda de Santa \u00c1ngela Merici de Siena. Naci\u00f3 el 7 de abril de 1875 y muri\u00f3 el 14 de agosto de 1959.<\/p>\n<p style=\"text-align: justify;\"><strong>Mar\u00eda Nieves S\u00e1nchez y Fern\u00e1ndez<\/strong>: religiosa profesa de las Hijas de Mar\u00eda de las Escuelas P\u00edas. Naci\u00f3 el 2 de mayo de 1900 y muri\u00f3 el 1 de mayo de 1978.<\/p>\n<p style=\"text-align: justify;\">Foto: Uno de los ingresos a la Ciudad del Vaticano<\/p>\n<p style=\"text-align: justify;\">(ZENIT \u2013 Ciudad del Vaticano, 9 de marzo de 2016)<\/p>\n","protected":false},"excerpt":{"rendered":"<p>\u00a0Los nuevos milagros reconocidos que permitir\u00e1n canonizaciones y beatificaciones \u00a0Los autoriz\u00f3 el Papa Francisco antes de partir hacia el retiro espiritual que est\u00e1 realizando junto a la Curia Romana El papa Francisco poco antes de partir para el retiro espiritual que est\u00e1 realizando en Aricia, a pocos kil\u00f3metros de Roma, tuvo una audiencia con el &hellip; <a href=\"https:\/\/www.biblia.work\/sermones\/los-nuevos-milagros-reconocidos-que-permitiran-canonizaciones-y-beatificaciones\/\" class=\"more-link\">Continuar leyendo<span class=\"screen-reader-text\"> \u00abLos nuevos milagros reconocidos que permitir\u00e1n canonizaciones y beatificaciones\u00bb<\/span><\/a><\/p>\n","protected":false},"author":1,"featured_media":0,"comment_status":"open","ping_status":"closed","sticky":false,"template":"","format":"standard","meta":{"footnotes":""},"categories":[1],"tags":[],"class_list":["post-36773","post","type-post","status-publish","format-standard","hentry","category-general"],"_links":{"self":[{"href":"https:\/\/www.biblia.work\/sermones\/wp-json\/wp\/v2\/posts\/36773","targetHints":{"allow":["GET"]}}],"collection":[{"href":"https:\/\/www.biblia.work\/sermones\/wp-json\/wp\/v2\/posts"}],"about":[{"href":"https:\/\/www.biblia.work\/sermones\/wp-json\/wp\/v2\/types\/post"}],"author":[{"embeddable":true,"href":"https:\/\/www.biblia.work\/sermones\/wp-json\/wp\/v2\/users\/1"}],"replies":[{"embeddable":true,"href":"https:\/\/www.biblia.work\/sermones\/wp-json\/wp\/v2\/comments?post=36773"}],"version-history":[{"count":0,"href":"https:\/\/www.biblia.work\/sermones\/wp-json\/wp\/v2\/posts\/36773\/revisions"}],"wp:attachment":[{"href":"https:\/\/www.biblia.work\/sermones\/wp-json\/wp\/v2\/media?parent=36773"}],"wp:term":[{"taxonomy":"category","embeddable":true,"href":"https:\/\/www.biblia.work\/sermones\/wp-json\/wp\/v2\/categories?post=36773"},{"taxonomy":"post_tag","embeddable":true,"href":"https:\/\/www.biblia.work\/sermones\/wp-json\/wp\/v2\/tags?post=36773"}],"curies":[{"name":"wp","href":"https:\/\/api.w.org\/{rel}","templated":true}]}}