{"id":36775,"date":"2016-06-21T10:27:32","date_gmt":"2016-06-21T15:27:32","guid":{"rendered":"http:\/\/www.biblia.work\/sermones\/el-juicio-de-vatileaks-2-se-retoma-el-sabado-12\/"},"modified":"2016-06-21T10:27:32","modified_gmt":"2016-06-21T15:27:32","slug":"el-juicio-de-vatileaks-2-se-retoma-el-sabado-12","status":"publish","type":"post","link":"https:\/\/www.biblia.work\/sermones\/el-juicio-de-vatileaks-2-se-retoma-el-sabado-12\/","title":{"rendered":"El juicio de Vatileaks 2 se retoma el s\u00e1bado 12"},"content":{"rendered":"<p style=\"text-align: justify;\">\n<p style=\"text-align: justify;\"><strong>El juicio de Vatileaks 2 se retoma\u00a0el s\u00e1bado 12<\/strong><\/p>\n<p style=\"text-align: justify;\">Se han fijado dos audiencia para el lunes y el martes de la pr\u00f3xima semana para escuchar a los testigos, entre ellos los cardenales Parolin y Abril y Castell\u00f3<\/p>\n<p style=\"text-align: justify;\">\n<p style=\"text-align: justify;\">El proceso judicial conocido como Vatileaks 2, sobre la sustracci\u00f3n y fuga de documentos reservados del Papa y de la Santa Sede retoma este s\u00e1bado en el Vaticano. Lo confirm\u00f3 este martes la oficina de prensa de la Santa Sede. Ya ha concluido el procedimiento de las pericias inform\u00e1ticas, el Tribunal ha fijado para este s\u00e1bado, 12 de marzo, una audiencia a puerta cerrada que deber\u00eda servir para decidir qu\u00e9 parte del material examinado se podr\u00e1 utilizar en los actos del proceso. Tambi\u00e9n se han fijado dos audiencia para el lunes y el martes de la pr\u00f3xima semana, para escuchar a los testigos.<\/p>\n<p style=\"text-align: justify;\">El proceso se hab\u00eda pospuesto el pasado 7 de diciembre de 2015, d\u00eda que se celebr\u00f3 la \u00faltima audiencia en la vigilia de la apertura del Jubileo de la Misericordia. El director de la oficina de prensa de la Santa Sede, padre Federico Lombardi explic\u00f3 entonces a los periodistas que el Tribunal hab\u00eda predispuesto un retraso de unos dos meses, necesario para el desarrollo de las pericias solicitadas en la \u00faltima audiencia celebrada. \u201cEsperamos que las autoridades del Tribunal vaticano comuniquen cu\u00e1ndo habr\u00e1 nuevas audiencias\u201d, dijo el portavoz.<\/p>\n<p style=\"text-align: justify;\">Una de las pericias solicitadas era inform\u00e1tica, pedida por la abogada de la imputada Francesca Immacolata Chaouqui. Se trataba de algunas conversaciones con monse\u00f1or Lucio Vallejo Balda \u2013tambi\u00e9n \u00e9l imputado en el proceso y bajo arresto domiciliario\u2013 tenidas por mensaje, chat, e-mail, que, seg\u00fan los actos, faltaban. La otra pericia era la psiqui\u00e1trica de monse\u00f1or Vallejo.<\/p>\n<p style=\"text-align: justify;\">Adem\u00e1s de monse\u00f1or Vallejo y Chaoqui, ex miembros de la comisi\u00f3n Cosea, est\u00e1n imputados tambi\u00e9n en el proceso Nicola Maio, colaborador del prelado. As\u00ed como los periodistas Emiliano Fittipaldi y Gianluigi Nuzzi autores respectivamente de V\u00eda Crucis y Avaricia, donde se publicaron los documentos reservados de la Santa Sede respecto a la econom\u00eda, tomados informe que el Papa envi\u00f3 a realizar para la reforma en curso.<\/p>\n<p style=\"text-align: justify;\">En total son doce los testimonios solicitados por los cinco imputados. Entre ellos, se encuentran el cardenal Pietro Parolin, secretario de Estado y el cardenal Santos Abril y Castell\u00f3, arcipreste de Santa Mar\u00eda la Mayor.<\/p>\n<p style=\"text-align: justify;\">(ZENIT \u2013 Ciudad del Vaticano). \u2013<\/p>\n","protected":false},"excerpt":{"rendered":"<p>El juicio de Vatileaks 2 se retoma\u00a0el s\u00e1bado 12 Se han fijado dos audiencia para el lunes y el martes de la pr\u00f3xima semana para escuchar a los testigos, entre ellos los cardenales Parolin y Abril y Castell\u00f3 El proceso judicial conocido como Vatileaks 2, sobre la sustracci\u00f3n y fuga de documentos reservados del Papa &hellip; <a href=\"https:\/\/www.biblia.work\/sermones\/el-juicio-de-vatileaks-2-se-retoma-el-sabado-12\/\" class=\"more-link\">Continuar leyendo<span class=\"screen-reader-text\"> \u00abEl juicio de Vatileaks 2 se retoma el s\u00e1bado 12\u00bb<\/span><\/a><\/p>\n","protected":false},"author":1,"featured_media":0,"comment_status":"open","ping_status":"closed","sticky":false,"template":"","format":"standard","meta":{"footnotes":""},"categories":[1],"tags":[],"class_list":["post-36775","post","type-post","status-publish","format-standard","hentry","category-general"],"_links":{"self":[{"href":"https:\/\/www.biblia.work\/sermones\/wp-json\/wp\/v2\/posts\/36775","targetHints":{"allow":["GET"]}}],"collection":[{"href":"https:\/\/www.biblia.work\/sermones\/wp-json\/wp\/v2\/posts"}],"about":[{"href":"https:\/\/www.biblia.work\/sermones\/wp-json\/wp\/v2\/types\/post"}],"author":[{"embeddable":true,"href":"https:\/\/www.biblia.work\/sermones\/wp-json\/wp\/v2\/users\/1"}],"replies":[{"embeddable":true,"href":"https:\/\/www.biblia.work\/sermones\/wp-json\/wp\/v2\/comments?post=36775"}],"version-history":[{"count":0,"href":"https:\/\/www.biblia.work\/sermones\/wp-json\/wp\/v2\/posts\/36775\/revisions"}],"wp:attachment":[{"href":"https:\/\/www.biblia.work\/sermones\/wp-json\/wp\/v2\/media?parent=36775"}],"wp:term":[{"taxonomy":"category","embeddable":true,"href":"https:\/\/www.biblia.work\/sermones\/wp-json\/wp\/v2\/categories?post=36775"},{"taxonomy":"post_tag","embeddable":true,"href":"https:\/\/www.biblia.work\/sermones\/wp-json\/wp\/v2\/tags?post=36775"}],"curies":[{"name":"wp","href":"https:\/\/api.w.org\/{rel}","templated":true}]}}