{"id":36776,"date":"2016-06-21T10:27:40","date_gmt":"2016-06-21T15:27:40","guid":{"rendered":"http:\/\/www.biblia.work\/sermones\/pietro-parolin-en-el-xix-congreso-de-la-union-italiana-de-la-prensa-catolica\/"},"modified":"2016-06-21T10:27:40","modified_gmt":"2016-06-21T15:27:40","slug":"pietro-parolin-en-el-xix-congreso-de-la-union-italiana-de-la-prensa-catolica","status":"publish","type":"post","link":"https:\/\/www.biblia.work\/sermones\/pietro-parolin-en-el-xix-congreso-de-la-union-italiana-de-la-prensa-catolica\/","title":{"rendered":"Pietro Parolin en el XIX congreso de la Uni\u00f3n Italiana de la Prensa Cat\u00f3lica"},"content":{"rendered":"<p align=\"justify\"><strong>Cardenal Parolin: &#8220;El buen periodismo pone en el centro a la persona y su dignidad&#8221;<\/strong><\/p>\n<p align=\"justify\">\u201cDesaf\u00edos en el periodismo en los tiempos de Francisco\u201d. La misi\u00f3n del periodista no es llegar primero, sino llegar cada vez mejor<\/p>\n<p align=\"justify\">&nbsp;<\/p>\n<p align=\"justify\">El cardenal <strong>Pietro Parolin<\/strong>, en el <strong>XIX congreso de la Uni\u00f3n Italiana de la Prensa Cat\u00f3lica<\/strong>, que se realiz\u00f3 el s\u00e1bado pasado en la ciudad de Matera, con el t\u00edtulo \u201cDesaf\u00edos en el periodismo en los tiempos de Francisco\u201d, se\u00f1al\u00f3 que un buen periodismo tiene que superar lemas e ideolog\u00edas, y poner siempre en el centro de las noticias a la persona y su dignidad.<\/p>\n<p align=\"justify\">El secretario de Estado del Vaticano, asegur\u00f3 que la buena informaci\u00f3n puede hacer mucho en favor de la democracia, y pidi\u00f3 \u201cdar voz a los que no la tienen y estar al servicio de todos los ciudadanos\u201d.<\/p>\n<p align=\"justify\">El cardenal, que llev\u00f3 al congreso el saludo y la bendici\u00f3n del papa Francisco, se\u00f1al\u00f3 que para el periodista cat\u00f3lico la \u201cfe no se opone a la investigaci\u00f3n\u201d.<\/p>\n<p align=\"justify\">En la reuni\u00f3n, titulada \u201cDesaf\u00edos en el periodismo en los tiempos de Francisco\u201d, el cardenal record\u00f3 que \u201clas palabras nunca son neutrales porque gu\u00edan para entender y por lo tanto influyen en nuestro comportamiento\u201d.<\/p>\n<p align=\"justify\">\u201cLa misi\u00f3n m\u00e1s noble del periodismo \u2013continu\u00f3 el purpurado\u2013 es dar voz a los que no la tienen, porque la credibilidad se basa en la integridad, la confianza, la honestidad y la coherencia del periodista\u201d.<\/p>\n<p align=\"justify\">El cardenal a\u00f1adi\u00f3 que \u201cuna informaci\u00f3n libre de intereses parciales tiene que construir, d\u00eda tras d\u00eda, caminos de integraci\u00f3n\u201d, y citando a Benedicto XVI y a Francisco, sobre los nuevos medios de comunicaci\u00f3n, dijo que \u201cen la era de Internet, la misi\u00f3n del periodista no es llegar primero, sino llegar cada vez mejor\u201d.<\/p>\n<p align=\"justify\">Al concluir la intervenci\u00f3n, el secretario de Estado record\u00f3 el papel social que el sindicato de la prensa cat\u00f3lica juega, bas\u00e1ndose siempre en los \u201cprincipios de la laicidad y la ciudadan\u00eda\u201d y \u201cpracticando como laicos comprometidos, especialmente en los medios laicos, el di\u00e1logo de la Iglesia con el mundo, como indica el Concilio Vaticano II\u201d.<\/p>\n<p align=\"justify\">Sergio Mora<\/p>\n<p align=\"justify\">Foto: El Cardenal Parol\u00edn En El Congreso En Matera Sobre Periodismo Cat\u00f3lico. 5 De Marzo De 2016 (Foto Comunicado De Prensa Ucsi)<\/p>\n<p align=\"justify\">(ZENIT \u2013 Roma). \u2013<\/p>\n","protected":false},"excerpt":{"rendered":"<p>Cardenal Parolin: &#8220;El buen periodismo pone en el centro a la persona y su dignidad&#8221; \u201cDesaf\u00edos en el periodismo en los tiempos de Francisco\u201d. La misi\u00f3n del periodista no es llegar primero, sino llegar cada vez mejor &nbsp; El cardenal Pietro Parolin, en el XIX congreso de la Uni\u00f3n Italiana de la Prensa Cat\u00f3lica, que &hellip; <a href=\"https:\/\/www.biblia.work\/sermones\/pietro-parolin-en-el-xix-congreso-de-la-union-italiana-de-la-prensa-catolica\/\" class=\"more-link\">Continuar leyendo<span class=\"screen-reader-text\"> \u00abPietro Parolin en el XIX congreso de la Uni\u00f3n Italiana de la Prensa Cat\u00f3lica\u00bb<\/span><\/a><\/p>\n","protected":false},"author":1,"featured_media":0,"comment_status":"open","ping_status":"closed","sticky":false,"template":"","format":"standard","meta":{"footnotes":""},"categories":[1],"tags":[],"class_list":["post-36776","post","type-post","status-publish","format-standard","hentry","category-general"],"_links":{"self":[{"href":"https:\/\/www.biblia.work\/sermones\/wp-json\/wp\/v2\/posts\/36776","targetHints":{"allow":["GET"]}}],"collection":[{"href":"https:\/\/www.biblia.work\/sermones\/wp-json\/wp\/v2\/posts"}],"about":[{"href":"https:\/\/www.biblia.work\/sermones\/wp-json\/wp\/v2\/types\/post"}],"author":[{"embeddable":true,"href":"https:\/\/www.biblia.work\/sermones\/wp-json\/wp\/v2\/users\/1"}],"replies":[{"embeddable":true,"href":"https:\/\/www.biblia.work\/sermones\/wp-json\/wp\/v2\/comments?post=36776"}],"version-history":[{"count":0,"href":"https:\/\/www.biblia.work\/sermones\/wp-json\/wp\/v2\/posts\/36776\/revisions"}],"wp:attachment":[{"href":"https:\/\/www.biblia.work\/sermones\/wp-json\/wp\/v2\/media?parent=36776"}],"wp:term":[{"taxonomy":"category","embeddable":true,"href":"https:\/\/www.biblia.work\/sermones\/wp-json\/wp\/v2\/categories?post=36776"},{"taxonomy":"post_tag","embeddable":true,"href":"https:\/\/www.biblia.work\/sermones\/wp-json\/wp\/v2\/tags?post=36776"}],"curies":[{"name":"wp","href":"https:\/\/api.w.org\/{rel}","templated":true}]}}