{"id":36777,"date":"2016-06-21T10:27:44","date_gmt":"2016-06-21T15:27:44","guid":{"rendered":"http:\/\/www.biblia.work\/sermones\/la-biblioteca-vaticana-el-lugar-donde-a-benedicto-xvi-le-hubiera-gustado-trabajar\/"},"modified":"2016-06-21T10:27:44","modified_gmt":"2016-06-21T15:27:44","slug":"la-biblioteca-vaticana-el-lugar-donde-a-benedicto-xvi-le-hubiera-gustado-trabajar","status":"publish","type":"post","link":"https:\/\/www.biblia.work\/sermones\/la-biblioteca-vaticana-el-lugar-donde-a-benedicto-xvi-le-hubiera-gustado-trabajar\/","title":{"rendered":"La Biblioteca Vaticana, el lugar donde a Benedicto XVI le hubiera gustado trabajar"},"content":{"rendered":"<p align=\"justify\"><strong>La Biblioteca Vaticana, el lugar donde a Benedicto XVI le hubiera gustado trabajar<\/strong><\/p>\n<p style=\"text-align: justify;\">(RV).- En el programa \u2018Huellas en la Cultura\u2019 de esta semana visitamos la Biblioteca Vaticana de la mano de su directora de restauraci\u00f3n,<strong> la espa\u00f1ola \u00c1ngela N\u00fa\u00f1ez Gait\u00e1n<\/strong>, quien hace un recorrido por la historia de esta entidad de la Santa Sede que cuenta con colecciones de un valor incalculable en un enclave de excepci\u00f3n, como es el Sal\u00f3n Sixtino. 180.000 vol\u00famenes manuscritos, 1.600.000 libros impresos y m\u00e1s de 8.600 incunables, 300.000 monedas y medallas, 150.000 ilustraciones, dise\u00f1os y otras 150.000 fotograf\u00edas.<\/p>\n<p align=\"justify\">\n<p style=\"text-align: justify;\">En <strong>entrevista a Radio Vaticano<\/strong>, la doctora N\u00fa\u00f1ez recalca que se trata de una biblioteca privada, pero que est\u00e1<strong> abierta a todos los investigadores<\/strong> que los deseen, sin ning\u00fan tipo de exclusi\u00f3n. Su historia se remonta al pontificado del Papa Nicol\u00e1s V (1447-1455), quien cre\u00f3 en su tiempo una biblioteca p\u00fablica abierta a los primeros investigadores.<\/p>\n<p style=\"text-align: justify;\">A lo largo de la historia, la Biblioteca Vaticana ha contado con 46 cardenales bibliotecarios. Actualmente y desde el 2012\u00a0 el archivista y bibliotecario de la Santa Romana Iglesia es Mons. Jean-Louis Brugu\u00e8s, cargo que el Papa <strong>Benedicto XVI confes\u00f3<\/strong>, durante su visita a la Biblioteca en 2007, haber deseado \u201cConfieso que, cuando cumpl\u00ed setenta a\u00f1os, deseaba ardientemente que el amado Juan Pablo II me concediera poder dedicarme al estudio y a la investigaci\u00f3n de interesantes documentos y hallazgos que vosotros custodi\u00e1is con esmero, aut\u00e9nticas obras de arte que nos ayudan a repasar la historia de la humanidad y del cristianismo\u201d.<\/p>\n<p style=\"text-align: justify;\">El departamento de<strong> restauraci\u00f3n<\/strong> de la Biblioteca Vaticana es otra de las joyas en las que tenemos que detenernos en este recorrido. Seg\u00fan cuenta \u00c1ngela N\u00fa\u00f1ez, es el taller m\u00e1s antiguo dentro de una Biblioteca, y tiene referencia internacional. Al entrar en la biblioteca se ven varias bolsas de pl\u00e1stico transparente, sin ox\u00edgeno, con vol\u00famenes dentro para su desinsectaci\u00f3n, donde permanecen alrededor de un mes para eliminar los posibles insectos que tengan. La profesora sevillana explica que la intervenci\u00f3n de los restauradores consiste en evitar que el libro se deteriore en el futuro o reparar desperfectos que pueda causar da\u00f1os mayores.<\/p>\n<p style=\"text-align: justify;\">(M\u00f3nica Zorita &#8211; RV)<\/p>\n<p align=\"justify\">Foto: Benedicto XVI en visita a la Biblioteca Vaticana &#8211; L&#8217;Osservatore Romano<\/p>\n","protected":false},"excerpt":{"rendered":"<p>La Biblioteca Vaticana, el lugar donde a Benedicto XVI le hubiera gustado trabajar (RV).- En el programa \u2018Huellas en la Cultura\u2019 de esta semana visitamos la Biblioteca Vaticana de la mano de su directora de restauraci\u00f3n, la espa\u00f1ola \u00c1ngela N\u00fa\u00f1ez Gait\u00e1n, quien hace un recorrido por la historia de esta entidad de la Santa Sede &hellip; <a href=\"https:\/\/www.biblia.work\/sermones\/la-biblioteca-vaticana-el-lugar-donde-a-benedicto-xvi-le-hubiera-gustado-trabajar\/\" class=\"more-link\">Continuar leyendo<span class=\"screen-reader-text\"> \u00abLa Biblioteca Vaticana, el lugar donde a Benedicto XVI le hubiera gustado trabajar\u00bb<\/span><\/a><\/p>\n","protected":false},"author":1,"featured_media":0,"comment_status":"open","ping_status":"closed","sticky":false,"template":"","format":"standard","meta":{"footnotes":""},"categories":[1],"tags":[],"class_list":["post-36777","post","type-post","status-publish","format-standard","hentry","category-general"],"_links":{"self":[{"href":"https:\/\/www.biblia.work\/sermones\/wp-json\/wp\/v2\/posts\/36777","targetHints":{"allow":["GET"]}}],"collection":[{"href":"https:\/\/www.biblia.work\/sermones\/wp-json\/wp\/v2\/posts"}],"about":[{"href":"https:\/\/www.biblia.work\/sermones\/wp-json\/wp\/v2\/types\/post"}],"author":[{"embeddable":true,"href":"https:\/\/www.biblia.work\/sermones\/wp-json\/wp\/v2\/users\/1"}],"replies":[{"embeddable":true,"href":"https:\/\/www.biblia.work\/sermones\/wp-json\/wp\/v2\/comments?post=36777"}],"version-history":[{"count":0,"href":"https:\/\/www.biblia.work\/sermones\/wp-json\/wp\/v2\/posts\/36777\/revisions"}],"wp:attachment":[{"href":"https:\/\/www.biblia.work\/sermones\/wp-json\/wp\/v2\/media?parent=36777"}],"wp:term":[{"taxonomy":"category","embeddable":true,"href":"https:\/\/www.biblia.work\/sermones\/wp-json\/wp\/v2\/categories?post=36777"},{"taxonomy":"post_tag","embeddable":true,"href":"https:\/\/www.biblia.work\/sermones\/wp-json\/wp\/v2\/tags?post=36777"}],"curies":[{"name":"wp","href":"https:\/\/api.w.org\/{rel}","templated":true}]}}