{"id":36779,"date":"2016-06-21T10:27:52","date_gmt":"2016-06-21T15:27:52","guid":{"rendered":"http:\/\/www.biblia.work\/sermones\/ejercicios-espirituales-del-papa-y-la-curia-a-cargo-del-padre-ronchi\/"},"modified":"2016-06-21T10:27:52","modified_gmt":"2016-06-21T15:27:52","slug":"ejercicios-espirituales-del-papa-y-la-curia-a-cargo-del-padre-ronchi","status":"publish","type":"post","link":"https:\/\/www.biblia.work\/sermones\/ejercicios-espirituales-del-papa-y-la-curia-a-cargo-del-padre-ronchi\/","title":{"rendered":"Ejercicios espirituales del Papa y la Curia a cargo del Padre Ronchi"},"content":{"rendered":"<p style=\"text-align: justify;\"><strong>Ejercicios espirituales del Papa y la Curia a cargo del Padre Ronchi<\/strong><\/p>\n<p style=\"text-align: justify;\"><strong>Las preguntas desnudas del Evangelio<\/strong><\/p>\n<p style=\"text-align: justify;\">(RV).- Con diez preguntas en preparaci\u00f3n a la Pascua, el <strong>Papa Francisco<\/strong> y los miembros de la <strong>Curia Romana<\/strong> se encuentran realizando los <strong>Ejercicios Espirituales<\/strong>, del 6 al 11 de marzo, en la <strong>Casa del Divino Maestro<\/strong> de la localidad <strong>Ariccia<\/strong> que comenzaron, la tarde del IV Domingo de Cuaresma, con la Adoraci\u00f3n Eucar\u00edstica y el rezo de las V\u00edsperas. El padre <strong>Ermes Ronchi<\/strong>, de la Orden de los Siervos de Mar\u00eda, dirige la meditaci\u00f3n sobre \u201clas preguntas desnudas del Evangelio\u201d.<\/p>\n<p style=\"text-align: justify;\">\n<p style=\"text-align: justify;\">\u00a0La primera meditaci\u00f3n de este retiro espiritual, de la tarde del primer domingo de marzo fue sobre la pregunta de Jes\u00fas: \u201c\u00bfQu\u00e9 buscan?\u201d (<em>Jn<\/em> 1, 38), seg\u00fan un pasaje del Evangelio de Juan. Tal como afirm\u00f3 el Padre servita, la propuesta para estos d\u00edas es detenerse en escucha ante las preguntas de Dios, no para interrogar al Se\u00f1or, sino para dejarse interrogar por \u00c9l. Y, en lugar de buscar inmediatamente la respuesta, detenerse para vivir bien estas preguntas, \u201clas preguntas desnudas del Evangelio\u201d. Y amar estas preguntas que ya son revelaci\u00f3n. Es m\u00e1s, las preguntas son el \u201cotro nombre de la conversi\u00f3n\u201d.<\/p>\n<p style=\"text-align: justify;\">En su meditaci\u00f3n de la tarde del 6 de marzo el Padre Ronchi \u00a0afirm\u00f3 que Jes\u00fas educa en la fe a trav\u00e9s de preguntas m\u00e1s que a trav\u00e9s de las palabras. Y de hecho, los cuatro Evangelio ofrecen m\u00e1s de 220 preguntas del Se\u00f1or. Porque la pregunta \u2013 dijo \u2013 \u00a0es una comunicaci\u00f3n no violenta, que no hace callar al otro, sino que relanza el di\u00e1logo, implic\u00e1ndolo y, al mismo tiempo, dej\u00e1ndolo libre. Tambi\u00e9n explic\u00f3 que el mismo Jes\u00fas es una pregunta, puesto que su vida y su muerte nos interpelan acerca del sentido \u00faltimo de las cosas y nos interrogan sobre lo que hace feliz la vida siendo, precisamente \u00c9l, la respuesta.<\/p>\n<p style=\"text-align: justify;\">El religioso tambi\u00e9n afirm\u00f3 que la fe es buscar a \u201cun Dios sensible al coraz\u00f3n, uno que hace feliz el coraz\u00f3n, cuyo nombre es alegr\u00eda, libertad y plenitud. Y tras recordar que Dios es bello, concepto que hay que anunciar dijo que tal vez el rostro de Dios haya sido empobrecido porque a veces lo hemos reducido a la miseria, relegado a hurgar en el pasado y en el pecado del hombre\u2026<\/p>\n<p style=\"text-align: justify;\">\u201cTodo hombre \u2013 concluy\u00f3 diciendo el Padre Ermes Ronchi \u2013 busca a un Dios atrayente. Dios puede morir de aburrimiento en nuestras iglesias. Devolv\u00e1mosle su rostro solar, un Dios deseable del que gustar y gozar. Ser\u00e1 como beber de las fuentes de la luz, en las orillas del infinito. \u00bfQu\u00e9 buscan? \u00bfPor qui\u00e9n caminan? Busco a un Dios deseable \u2013 dijo \u2013 camino por uno que hace feliz el coraz\u00f3n\u201d.<\/p>\n<p style=\"text-align: justify;\">Las reflexiones del primer lunes de marzo se basan en las preguntas: \u201c\u00bfPor qu\u00e9 tienen miedo, no tienen fe?\u201d (<em>Mc<\/em>, 4, 40), seg\u00fan el Evangelio de Marcos \u00a0y \u201cUstedes son la sal de la tierra. \u00bfPero si la sal pierde sabor, luego ser\u00e1 salada con qu\u00e9?\u201d (<em>Mt<\/em>, 5, 13), seg\u00fan el Evangelio de Mateo.<\/p>\n<p style=\"text-align: justify;\">Las del martes se basar\u00e1n en las preguntas: \u201cPero, \u00bfqui\u00e9n dicen que soy yo?\u201d (<em>Lc<\/em> 9, 20); \u201cY volvi\u00e9ndose hacia la mujer, dijo a Sim\u00f3n: \u00bfves a esta mujer?\u201d (<em>Lc<\/em> 7, 44), ambas basadas en el Evangelio de Lucas.<\/p>\n<p style=\"text-align: justify;\">Las reflexiones del mi\u00e9rcoles se centrar\u00e1n en: \u201cJes\u00fas dijo a sus disc\u00edpulos: \u00bfCu\u00e1ntos panes tienen?\u201d (<em>Mc<\/em> 6, 38; <em>Mt<\/em> 15, 34), tal como se lee en los Evangelios de Marcos y Mateo y \u201cEntonces Jes\u00fas se levant\u00f3 y dijo: mujer, \u00bfd\u00f3nde est\u00e1n tus acusadores? \u00bfAlguien te ha condenado?\u201d (<em>Jn<\/em> 8, 10), seg\u00fan se lee en el Evangelio de Juan.<\/p>\n<p style=\"text-align: justify;\">El jueves 10 de marzo, en el quinto d\u00eda de Ejercicios Espirituales del Papa Francisco y la Curia Romana, bas\u00e1ndose en el Evangelio de San Juan, el predicador ofrecer\u00e1 sus meditaciones sobre el tema: \u201cMujer, \u00bfpor qu\u00e9 lloras? \u00bfA qui\u00e9n buscas?\u201d (<em>Jn<\/em> 20, 15), y \u201cSim\u00f3n, hijo de Juan, \u2018\u00bfme amas?\u201d, (<em>Jn<\/em> 21, 16).<\/p>\n<p style=\"text-align: justify;\">Los <strong>Ejercicios Espirituales<\/strong> del <strong>Santo Padre<\/strong> y la <strong>Curia Romana <\/strong>terminar\u00e1n el viernes 11 de marzo. El predicador ofrecer\u00e1 su meditaci\u00f3n conclusiva sobre la pregunta propuesta por el Evangelio de San Lucas: \u201cMar\u00eda dijo al \u00e1ngel: \u00bfC\u00f3mo suceder\u00e1 esto?\u201d (<em>Lc<\/em>, 1, 34).<\/p>\n<p style=\"text-align: justify;\">(Mar\u00eda Fernanda Bernasconi &#8211; RV).<\/p>\n<p style=\"text-align: justify;\">Foto: El Papa y la Curia Romana durante los ejercicios espirituales en localidad de Ariccia &#8211; ANSA<\/p>\n","protected":false},"excerpt":{"rendered":"<p>Ejercicios espirituales del Papa y la Curia a cargo del Padre Ronchi Las preguntas desnudas del Evangelio (RV).- Con diez preguntas en preparaci\u00f3n a la Pascua, el Papa Francisco y los miembros de la Curia Romana se encuentran realizando los Ejercicios Espirituales, del 6 al 11 de marzo, en la Casa del Divino Maestro de &hellip; <a href=\"https:\/\/www.biblia.work\/sermones\/ejercicios-espirituales-del-papa-y-la-curia-a-cargo-del-padre-ronchi\/\" class=\"more-link\">Continuar leyendo<span class=\"screen-reader-text\"> \u00abEjercicios espirituales del Papa y la Curia a cargo del Padre Ronchi\u00bb<\/span><\/a><\/p>\n","protected":false},"author":1,"featured_media":0,"comment_status":"open","ping_status":"closed","sticky":false,"template":"","format":"standard","meta":{"footnotes":""},"categories":[1],"tags":[],"class_list":["post-36779","post","type-post","status-publish","format-standard","hentry","category-general"],"_links":{"self":[{"href":"https:\/\/www.biblia.work\/sermones\/wp-json\/wp\/v2\/posts\/36779","targetHints":{"allow":["GET"]}}],"collection":[{"href":"https:\/\/www.biblia.work\/sermones\/wp-json\/wp\/v2\/posts"}],"about":[{"href":"https:\/\/www.biblia.work\/sermones\/wp-json\/wp\/v2\/types\/post"}],"author":[{"embeddable":true,"href":"https:\/\/www.biblia.work\/sermones\/wp-json\/wp\/v2\/users\/1"}],"replies":[{"embeddable":true,"href":"https:\/\/www.biblia.work\/sermones\/wp-json\/wp\/v2\/comments?post=36779"}],"version-history":[{"count":0,"href":"https:\/\/www.biblia.work\/sermones\/wp-json\/wp\/v2\/posts\/36779\/revisions"}],"wp:attachment":[{"href":"https:\/\/www.biblia.work\/sermones\/wp-json\/wp\/v2\/media?parent=36779"}],"wp:term":[{"taxonomy":"category","embeddable":true,"href":"https:\/\/www.biblia.work\/sermones\/wp-json\/wp\/v2\/categories?post=36779"},{"taxonomy":"post_tag","embeddable":true,"href":"https:\/\/www.biblia.work\/sermones\/wp-json\/wp\/v2\/tags?post=36779"}],"curies":[{"name":"wp","href":"https:\/\/api.w.org\/{rel}","templated":true}]}}