{"id":36782,"date":"2016-06-21T10:28:12","date_gmt":"2016-06-21T15:28:12","guid":{"rendered":"http:\/\/www.biblia.work\/sermones\/comunicado-de-la-pontificia-comision-para-la-proteccion-de-los-menores\/"},"modified":"2016-06-21T10:28:12","modified_gmt":"2016-06-21T15:28:12","slug":"comunicado-de-la-pontificia-comision-para-la-proteccion-de-los-menores","status":"publish","type":"post","link":"https:\/\/www.biblia.work\/sermones\/comunicado-de-la-pontificia-comision-para-la-proteccion-de-los-menores\/","title":{"rendered":"Comunicado de la Pontificia Comisi\u00f3n para la Protecci\u00f3n de los Menores"},"content":{"rendered":"<p align=\"justify\"><strong>Comunicado de la Pontificia Comisi\u00f3n para la Protecci\u00f3n de los Menores<\/strong>, 04.03.2016<\/p>\n<p align=\"justify\">La Pontificia Comisi\u00f3n para la Protecci\u00f3n de los menores ha emitido hoy el siguiente comunicado:<\/p>\n<p align=\"justify\">\u201cEn los dos \u00faltimos d\u00edas el padre Hans Zollner SJ, miembro de la Pontificia Comisi\u00f3n para la Protecci\u00f3n de Menores, (Australia), ha encontrado en dos ocasiones a David Risdale, Andrew Collins y Peter Blenkiron, v\u00edctimas de abusos sexuales por parte del clero de Ballarat (Australia), venidos a Roma durante la declaraci\u00f3n efectuada por el cardenal George Pell a la Royal Commission. En respuesta al deseo de las personas m\u00e1s arriba mencionadas de encontrarse con un miembro de la Pontificia Comisi\u00f3n, el cardenal Pell solicit\u00f3 que dicho encuentro se llevase a cabo. Ridsdale, Collins y Blenkiran han explicado as\u00ed las razones de su petici\u00f3n: &#8220;Nos gustar\u00eda discutir nuestras ideas acerca de la curaci\u00f3n y de la futura protecci\u00f3n de los menores contra los abusos cometidos por miembros de las instituciones. Sabemos que este problema es m\u00e1s amplio del \u00e1mbito de la Iglesia Cat\u00f3lica, pero es en ese \u00e1mbito donde se han producido nuestras experiencias de abuso. Queremos desarrollar relaciones con su grupo porque es una cuesti\u00f3n de alcance mundial &#8220;.<\/p>\n<p align=\"justify\">Las v\u00edctimas de abusos han hablado de modelos educativos dirigidos a ni\u00f1os, padres y profesores con el fin de realizar cambios estructurales dentro de la Iglesia y de la sociedad para la protecci\u00f3n efectiva de los ni\u00f1os y adolescentes. Esta discusi\u00f3n se ha producido en un momento en que la Pontiificia Comisi\u00f3n, en el curso de la asamblea plenaria en el mes de febrero de 2016, decidi\u00f3 que el tema clave de la asamblea de setiembre 2016 sea la protecci\u00f3n de los ni\u00f1os en las escuelas cat\u00f3licas.<\/p>\n<p align=\"justify\">El padre Hans Zollner ha apreciado mucho las preocupaciones expresadas por las v\u00edctimas y sus propuestas de medidas preventivas, y las presentar\u00e1 a los dem\u00e1s miembros de la Pontificia Comisi\u00f3n, de modo que todos ellos puedan aprender de la experiencia de las v\u00edctimas para mejorar la labor de ese organismo por lo que concierne a las formas actuales de curaci\u00f3n y a la comprensi\u00f3n de la forma m\u00e1s eficaz para prevenir los abusos sexuales por parte de las personas al servicio de la Iglesia, con el fin de impedir que se repitan en futuro.<\/p>\n<p align=\"justify\">En el curso del encuentro el padre Zollner explic\u00f3 a sus interlocutores el objetivo de la Comisi\u00f3n y, en particular, como presidente del &#8220;Centro para la Protecci\u00f3n de Menores&#8221; del Instituto de Psicolog\u00eda de la Pontificia Universidad Gregoriana, habl\u00f3 sobre su trabajo y sobre las iniciativas tomadas para prevenir los abusos dentro y fuera de la Iglesia. Las v\u00edctimas de abuso de Ballarat tambi\u00e9n se han reunido con algunos de los estudiantes que asisten al curso de estudio para el Diploma en la Protecci\u00f3n de Menores, que otorga la Pontificia Universidad Gregoriana.<\/p>\n<p align=\"justify\">La Pontificia Comisi\u00f3n para la Protecci\u00f3n de los Menores fue instituida por el Papa Francisco en marzo de 2014. El Quir\u00f3grafo del Santo Padre Francisco establece que: &#8220;La tarea espec\u00edfica de la Comisi\u00f3n ser\u00e1 proponer las iniciativas m\u00e1s adecuadas para la protecci\u00f3n de los menores y adultos vulnerables, a fin de realizar cuanto sea posible para asegurar que delitos como los ocurridos no vuelvan a repetirse en la Iglesia. La Comisi\u00f3n promover\u00e1 la responsabilidad local en las Iglesias particulares, combinando sus esfuerzos con los de la Congregaci\u00f3n para la Doctrina de la Fe, para la protecci\u00f3n de todos los menores y adultos vulnerables &#8220;.<\/p>\n<p align=\"justify\">&nbsp;<\/p>\n","protected":false},"excerpt":{"rendered":"<p>Comunicado de la Pontificia Comisi\u00f3n para la Protecci\u00f3n de los Menores, 04.03.2016 La Pontificia Comisi\u00f3n para la Protecci\u00f3n de los menores ha emitido hoy el siguiente comunicado: \u201cEn los dos \u00faltimos d\u00edas el padre Hans Zollner SJ, miembro de la Pontificia Comisi\u00f3n para la Protecci\u00f3n de Menores, (Australia), ha encontrado en dos ocasiones a David &hellip; <a href=\"https:\/\/www.biblia.work\/sermones\/comunicado-de-la-pontificia-comision-para-la-proteccion-de-los-menores\/\" class=\"more-link\">Continuar leyendo<span class=\"screen-reader-text\"> \u00abComunicado de la Pontificia Comisi\u00f3n para la Protecci\u00f3n de los Menores\u00bb<\/span><\/a><\/p>\n","protected":false},"author":1,"featured_media":0,"comment_status":"open","ping_status":"closed","sticky":false,"template":"","format":"standard","meta":{"footnotes":""},"categories":[1],"tags":[],"class_list":["post-36782","post","type-post","status-publish","format-standard","hentry","category-general"],"_links":{"self":[{"href":"https:\/\/www.biblia.work\/sermones\/wp-json\/wp\/v2\/posts\/36782","targetHints":{"allow":["GET"]}}],"collection":[{"href":"https:\/\/www.biblia.work\/sermones\/wp-json\/wp\/v2\/posts"}],"about":[{"href":"https:\/\/www.biblia.work\/sermones\/wp-json\/wp\/v2\/types\/post"}],"author":[{"embeddable":true,"href":"https:\/\/www.biblia.work\/sermones\/wp-json\/wp\/v2\/users\/1"}],"replies":[{"embeddable":true,"href":"https:\/\/www.biblia.work\/sermones\/wp-json\/wp\/v2\/comments?post=36782"}],"version-history":[{"count":0,"href":"https:\/\/www.biblia.work\/sermones\/wp-json\/wp\/v2\/posts\/36782\/revisions"}],"wp:attachment":[{"href":"https:\/\/www.biblia.work\/sermones\/wp-json\/wp\/v2\/media?parent=36782"}],"wp:term":[{"taxonomy":"category","embeddable":true,"href":"https:\/\/www.biblia.work\/sermones\/wp-json\/wp\/v2\/categories?post=36782"},{"taxonomy":"post_tag","embeddable":true,"href":"https:\/\/www.biblia.work\/sermones\/wp-json\/wp\/v2\/tags?post=36782"}],"curies":[{"name":"wp","href":"https:\/\/api.w.org\/{rel}","templated":true}]}}