{"id":36783,"date":"2016-06-21T10:28:16","date_gmt":"2016-06-21T15:28:16","guid":{"rendered":"http:\/\/www.biblia.work\/sermones\/comunicado-del-padre-federico-lombardi-proteger-a-los-menores-pelicula-spotlight-y-declaraciones-del-cardenal-pell\/"},"modified":"2016-06-21T10:28:16","modified_gmt":"2016-06-21T15:28:16","slug":"comunicado-del-padre-federico-lombardi-proteger-a-los-menores-pelicula-spotlight-y-declaraciones-del-cardenal-pell","status":"publish","type":"post","link":"https:\/\/www.biblia.work\/sermones\/comunicado-del-padre-federico-lombardi-proteger-a-los-menores-pelicula-spotlight-y-declaraciones-del-cardenal-pell\/","title":{"rendered":"Comunicado del Padre Federico Lombardi: Proteger a los menores (Pel\u00edcula Spotlight y declaraciones del cardenal Pell)"},"content":{"rendered":"<p align=\"justify\"><strong>Comunicado\u00a0del Padre Federico Lombardi: Proteger a los menores (Pel\u00edcula\u00a0Spotlight y declaraciones del cardenal Pell)<\/strong><\/p>\n<p align=\"justify\">El director de la Oficina de Prensa de la Santa Sede, Padre Federico Lombardi, ha afirmado hoy cuanto sigue:<\/p>\n<p align=\"justify\">\u201cLas declaraciones del cardenal Pell ante la Real Comisi\u00f3n de investigaci\u00f3n en conexi\u00f3n directa entre Australia y Roma, y la coincidencia con la concesi\u00f3n del Oscar a la mejor pel\u00edcula a\u00a0<em>Spotlight<\/em>, sobre el papel del\u00a0<em>Boston Globe<\/em>\u00a0en la denuncia de la cobertura de los delitos de muchos sacerdotes ped\u00f3filos en Boston (sobre todo en los a\u00f1os 1960-80), se han visto acompa\u00f1adas de una nueva ola de atenci\u00f3n de los medios y de la opini\u00f3n p\u00fablica sobre la dram\u00e1tica cuesti\u00f3n de los abusos sexuales de menores, en particular por miembros del clero.<\/p>\n<p align=\"justify\">La presentaci\u00f3n sensacionalista de estos dos acontecimientos ha hecho que, buena parte del p\u00fablico- especialmente si poco informado o de memoria corta- piense que en la Iglesia no se haya hecho nada o se haya hecho muy poco para responder a estas tragedias horribles y que haya que empezar de nuevo. Una consideraci\u00f3n objetiva demuestra que no es as\u00ed. El anterior arzobispo de Boston renunci\u00f3 en 2002 despu\u00e9s de los acontecimientos de que habla precisamente\u00a0Spotlight\u00a0\u00a0(y despu\u00e9s de una famosa reuni\u00f3n de cardenales americanos convocada en Roma por el Papa Juan Pablo II en abril de 2002), y desde 2003 (es decir, desde hace 13 a\u00f1os) la arquidi\u00f3cesis est\u00e1 gobernada por el cardenal Sean O&#8217;Malley, universalmente conocido por su rigor y su sabidur\u00eda a la hora de enfrentarse con los problemas de abusos sexuales, hasta el punto de que fue nombrado por el Papa Francisco entre sus asesores y designado presidente de la Comisi\u00f3n por \u00e9l establecida para la protecci\u00f3n de los menores.<\/p>\n<p align=\"justify\">Tambi\u00e9n los tr\u00e1gicos sucesos de abusos sexuales en Australia son objeto de investigaciones y de procesos judiciales y can\u00f3nicos desde hace muchos a\u00f1os. Cuando el Papa Benedicto XVI fue a Sydney para la JMJ de 2008 (es decir, hace 8 a\u00f1os) se encontr\u00f3 con un peque\u00f1o grupo de v\u00edctimas en la sede de la arquidi\u00f3cesis gobernada por el cardenal Pell, porque la cuesti\u00f3n era ya entonces de gran actualidad y el arzobispo pensaba que ese encuentro era muy oportuno.<\/p>\n<p align=\"justify\">S\u00f3lo para dar una idea de la atenci\u00f3n con que fueron seguidos estos problemas, la \u00fanica secci\u00f3n del web vaticano dedicada a &#8221;Abusos de menores. La respuesta de la Iglesia&#8221;, que se abri\u00f3 hace unos 10 a\u00f1os, contiene m\u00e1s de 60 documentos o intervenciones.<\/p>\n<p align=\"justify\">El decidido compromiso de los papas para hacer frente a las crisis que surgieron posteriormente en distintos pa\u00edses y situaciones &#8211; como Estados Unidos, Irlanda, Alemania, B\u00e9lgica y los Pa\u00edses Bajos, los Legionarios de Cristo &#8211; no ha sido ni peque\u00f1o ni indiferente. Los procedimientos y las normas can\u00f3nicas universales renovadas; las directrices y solicitudes a las conferencias episcopales, no s\u00f3lo para responder a los abusos, sino tambi\u00e9n para prevenirlos de manera adecuada; la visita apost\u00f3lica para intervenir en las situaciones m\u00e1s graves; la profunda reforma de la Congregaci\u00f3n de los Legionarios, han sido acciones destinadas a responder con profundidad y clarividencia a una plaga que hab\u00eda manifestado una gravedad sorprendente y devastadora, especialmente en algunas regiones y en algunos per\u00edodos. La carta de Benedicto XVI a los fieles irlandeses en marzo de 2010 sigue siendo probablemente el documento de referencia m\u00e1s elocuente, que va mucho m\u00e1s all\u00e1 del caso de Irlanda , para comprender la actitud y la respuesta legal, pastoral y espiritual de los papas a estos dramas de la Iglesia de nuestro tiempo: reconocimiento de los graves errores cometidos y petici\u00f3n de perd\u00f3n, atenci\u00f3n prioritaria y justicia para las v\u00edctimas, conversi\u00f3n y purificaci\u00f3n, esfuerzos de prevenci\u00f3n y renovada formaci\u00f3n humana y espiritual.<\/p>\n<p align=\"justify\">Los encuentros de Benedicto XVI y de Francisco con grupos de v\u00edctimas han acompa\u00f1ado este ya largo camino con el ejemplo de la escucha, de la petici\u00f3n de perd\u00f3n, del consuelo y de la implicaci\u00f3n en primera persona de los papas.<\/p>\n<p align=\"justify\">En muchos pa\u00edses, los resultados del compromiso de renovaci\u00f3n son alentadores, los casos de abusos se han vuelto muy raros y, por lo tanto, la mayor\u00eda de los que hoy se tratan y que contin\u00faan saliendo a la luz pertenecen a un pasado relativamente lejano de diversas d\u00e9cadas. En otros pa\u00edses, por lo general debido a situaciones culturales diferentes y todav\u00eda caracterizads por el silencio, a\u00fan queda mucho por hacer y no faltan resistencias y dificultades, pero el camino que recorrer es ahora m\u00e1s claro.<\/p>\n<p align=\"justify\">La constituci\u00f3n de la Comisi\u00f3n para la Protecci\u00f3n de los Menores anunciada por el Papa Francisco en diciembre de 2013, integrada por miembros de todos los continentes, indica la maduraci\u00f3n del camino de la Iglesia Cat\u00f3lica. Despu\u00e9s de configurar y desarrollar dentro de ella una respuesta decidida a los problemas de abusos sexuales de menores (por parte de sacerdotes u otros operadores eclesi\u00e1sticos),se plantea de forma sistem\u00e1tica la cuesti\u00f3n no s\u00f3lo de c\u00f3mo responder bien al problema en cada sector de la Iglesia, sino tambi\u00e9n de c\u00f3mo ayudar m\u00e1s a fondo a las sociedades en las que la Iglesia vive para hacer frente a los problemas de los abusos y violaciones de los menores de edad, dado que &#8211; como todos deben saber aunque a menudo hay todav\u00eda una resistencia considerable a admitirlo &#8211; en todas las partes del mundo la gran mayor\u00eda de los casos de abuso no se llevan a cabo en los \u00e1mbitos eclesiales, sino fuera de ellos (en Asia podemos hablar de decenas y decenas de millones de ni\u00f1os abusados y no precisamente en \u00e1mbito cat\u00f3lico).<\/p>\n<p align=\"justify\">En resumen, la Iglesia, herida y humillada por el flagelo de los abusos, quiere reaccionar no solamente para sanearse a s\u00ed misma, sino tambi\u00e9n para poner a disposici\u00f3n su dura experiencia en este campo, para enriquecer su servicio educativo y pastoral a toda la sociedad que, en general, todav\u00eda tiene un largo camino por recorrer para darse cuenta de la gravedad de los problemas y enfrentarlos. En esta perspectiva los hechos que han tenido lugar en Roma en los \u00faltimos d\u00edas finalmente se pueden leer desde una perspectiva positiva.<\/p>\n<p align=\"justify\">Hay que reconocer que el cardenal Pell ha dado un testimonio digno y coherente (\u00a1cerca de veinte horas de di\u00e1logo con la Comisi\u00f3n Real!) del que resulta una vez m\u00e1s un cuadro objetivo y l\u00facido de los errores cometidos en muchos ambientes eclesiales (en este caso de Australia) en las \u00faltimas d\u00e9cadas. Y esto es una adquisici\u00f3n, no in\u00fatil en la perspectiva de la com\u00fan &#8220;purificaci\u00f3n de la memoria&#8221;.<\/p>\n<p align=\"justify\">Asimismo hay que reconocer que los diversos miembros del grupo de las v\u00edctimas llegado de Australia han mostrado su voluntad de establecer un di\u00e1logo constructivo con el cardenal y el representante de la Comisi\u00f3n para la Protecci\u00f3n de los Menores \u2013 el padre Hans Zollner SI, Pontificia Universidad Grgeoriana \u2013 con quien han apurado las perspectivas de esfuerzos eficaces para prevenir los abusos.<\/p>\n<p align=\"justify\">Por lo tanto, si los llamamientos que han seguido a\u00a0<em>Spotlight<\/em>\u00a0y la movilizaci\u00f3n de las v\u00edctimas y organizaciones con motivo de las declaraciones del cardenal Pell contribuyen a sostener y mejorar la larga marcha de la lucha contra los abusos de menores en la Iglesia Cat\u00f3lica universal y en el mundo actual (donde la dimensi\u00f3n de estos dramas no tiene l\u00edmites) sean bienvenidos&#8221;.<\/p>\n","protected":false},"excerpt":{"rendered":"<p>Comunicado\u00a0del Padre Federico Lombardi: Proteger a los menores (Pel\u00edcula\u00a0Spotlight y declaraciones del cardenal Pell) El director de la Oficina de Prensa de la Santa Sede, Padre Federico Lombardi, ha afirmado hoy cuanto sigue: \u201cLas declaraciones del cardenal Pell ante la Real Comisi\u00f3n de investigaci\u00f3n en conexi\u00f3n directa entre Australia y Roma, y la coincidencia con &hellip; <a href=\"https:\/\/www.biblia.work\/sermones\/comunicado-del-padre-federico-lombardi-proteger-a-los-menores-pelicula-spotlight-y-declaraciones-del-cardenal-pell\/\" class=\"more-link\">Continuar leyendo<span class=\"screen-reader-text\"> \u00abComunicado del Padre Federico Lombardi: Proteger a los menores (Pel\u00edcula Spotlight y declaraciones del cardenal Pell)\u00bb<\/span><\/a><\/p>\n","protected":false},"author":1,"featured_media":0,"comment_status":"open","ping_status":"closed","sticky":false,"template":"","format":"standard","meta":{"footnotes":""},"categories":[1],"tags":[],"class_list":["post-36783","post","type-post","status-publish","format-standard","hentry","category-general"],"_links":{"self":[{"href":"https:\/\/www.biblia.work\/sermones\/wp-json\/wp\/v2\/posts\/36783","targetHints":{"allow":["GET"]}}],"collection":[{"href":"https:\/\/www.biblia.work\/sermones\/wp-json\/wp\/v2\/posts"}],"about":[{"href":"https:\/\/www.biblia.work\/sermones\/wp-json\/wp\/v2\/types\/post"}],"author":[{"embeddable":true,"href":"https:\/\/www.biblia.work\/sermones\/wp-json\/wp\/v2\/users\/1"}],"replies":[{"embeddable":true,"href":"https:\/\/www.biblia.work\/sermones\/wp-json\/wp\/v2\/comments?post=36783"}],"version-history":[{"count":0,"href":"https:\/\/www.biblia.work\/sermones\/wp-json\/wp\/v2\/posts\/36783\/revisions"}],"wp:attachment":[{"href":"https:\/\/www.biblia.work\/sermones\/wp-json\/wp\/v2\/media?parent=36783"}],"wp:term":[{"taxonomy":"category","embeddable":true,"href":"https:\/\/www.biblia.work\/sermones\/wp-json\/wp\/v2\/categories?post=36783"},{"taxonomy":"post_tag","embeddable":true,"href":"https:\/\/www.biblia.work\/sermones\/wp-json\/wp\/v2\/tags?post=36783"}],"curies":[{"name":"wp","href":"https:\/\/api.w.org\/{rel}","templated":true}]}}