{"id":36784,"date":"2016-06-21T10:28:20","date_gmt":"2016-06-21T15:28:20","guid":{"rendered":"http:\/\/www.biblia.work\/sermones\/francisco-presidira24-horas-para-el-senor-en-la-basilica-de-san-pedro\/"},"modified":"2016-06-21T10:28:20","modified_gmt":"2016-06-21T15:28:20","slug":"francisco-presidira24-horas-para-el-senor-en-la-basilica-de-san-pedro","status":"publish","type":"post","link":"https:\/\/www.biblia.work\/sermones\/francisco-presidira24-horas-para-el-senor-en-la-basilica-de-san-pedro\/","title":{"rendered":"Francisco presidir\u00e124 horas para el Se\u00f1or en la Bas\u00edlica de San Pedro"},"content":{"rendered":"<p align=\"justify\"><strong>Francisco presidir\u00e1 \u00a024 horas para el Se\u00f1or en la Bas\u00edlica de San Pedro<\/strong><\/p>\n<p align=\"justify\">Este viernes el Papa adem\u00e1s confesar\u00e1 a algunos fieles. Di\u00f3cesis de todo el mundo se unen a esta iniciativa<\/p>\n<p align=\"justify\">&nbsp;<\/p>\n<p align=\"justify\">&nbsp;<\/p>\n<p align=\"justify\">El papa Francisco preside este viernes en la Bas\u00edlica de San Pedro la celebraci\u00f3n penitencial llamada \u201c24 horas para el Se\u00f1or\u201d , que se realiza una vez m\u00e1s por tercer a\u00f1o consecutivo. Precisamente durante la ceremonia del a\u00f1o pasado, el Pont\u00edfice anunci\u00f3 el A\u00f1o Jubilar de la Misericordia y en la de ma\u00f1ana el Santo Padre confesar\u00e1 a algunos fieles.<\/p>\n<p align=\"justify\">Para proseguir con esta iniciativa, a partir de las 21.00 del viernes 4 de marzo, habr\u00e1 confesiones y adoraci\u00f3n eucar\u00edstica en tres iglesias de Roma: Nuestra Se\u00f1ora del Sagrado Coraz\u00f3n, en plaza Navona; Santa Mar\u00eda en Trastevere y la Iglesia de los Santos Estigmas de san Francisco, en Largo Argentina. Los templos permanecer\u00e1n abiertos ininterrumpidamente, con la presencia de sacerdotes disponibles para las confesiones, hasta entrada la noche.<\/p>\n<p align=\"justify\">Asimismo, el s\u00e1bado 5 de marzo habr\u00e1 confesiones y adoraci\u00f3n eucar\u00edstica en la Iglesia de Nuestra Se\u00f1ora del Sagrado Coraz\u00f3n desde las 10.00. La celebraci\u00f3n conclusiva ser\u00e1 a las 17.00 en la Iglesia Santo Esp\u00edritu en Sassia, presidida por monse\u00f1or Rino Fisichella, presidente del Pontificio Consejo para la promoci\u00f3n de la Nueva Evangelizaci\u00f3n.<\/p>\n<p align=\"justify\">A la iniciativa \u201824 horas por el Se\u00f1or\u2019, como ya sucedi\u00f3 los dos a\u00f1os anteriores, se unen di\u00f3cesis de todos los rincones de la tierra.<\/p>\n<p align=\"justify\">Tal y como explican en un comunicado del dicasterio vaticano \u201ctodo el mundo se sumergir\u00e1 en la misericordia de Dios con las \u201824 horas para el Se\u00f1or\u201d. La iniciativa, \u201cnacida en Roma pero que ha crecido r\u00e1pidamente y convertida ya de respiraci\u00f3n mundial\u201d ofrecer\u00e1 a todos \u201cla posibilidad de experimentar personalmente la misericordia de Dios\u201d.<\/p>\n<p align=\"justify\">Esta celebraci\u00f3n naci\u00f3 \u201ccon la intenci\u00f3n de volver a poner en el centro la importancia de la oraci\u00f3n, de la adoraci\u00f3n eucar\u00edstica y el don del sacramento de la reconciliaci\u00f3n\u201d y \u201crepresenta una ocasi\u00f3n abierta a todos, hasta entrada la noche, en el coraz\u00f3n de nuestras ciudades, para recoger la misericordia de Dios\u201d.<\/p>\n<p align=\"justify\">El lema del A\u00f1o Jubilar \u201cMisericordiosos como el Padres\u201d es el hilo conductor del evento. Para vivir de la mejor forma posible el momento de oraci\u00f3n est\u00e1 disponible una gu\u00eda traducida en 6 lenguas, y dividida en 4 secciones, que ofrece elementos de reflexi\u00f3n e indica el camino para ponerse a la escucha del otro; profundiza el significado del sacramento de la confesi\u00f3n y estimula el di\u00e1logo sobre algunas propuestas de lectio divina ofrecidas a las parroquias, a los grupos, a las asociaciones.<\/p>\n","protected":false},"excerpt":{"rendered":"<p>Francisco presidir\u00e1 \u00a024 horas para el Se\u00f1or en la Bas\u00edlica de San Pedro Este viernes el Papa adem\u00e1s confesar\u00e1 a algunos fieles. Di\u00f3cesis de todo el mundo se unen a esta iniciativa &nbsp; &nbsp; El papa Francisco preside este viernes en la Bas\u00edlica de San Pedro la celebraci\u00f3n penitencial llamada \u201c24 horas para el Se\u00f1or\u201d &hellip; <a href=\"https:\/\/www.biblia.work\/sermones\/francisco-presidira24-horas-para-el-senor-en-la-basilica-de-san-pedro\/\" class=\"more-link\">Continuar leyendo<span class=\"screen-reader-text\"> \u00abFrancisco presidir\u00e124 horas para el Se\u00f1or en la Bas\u00edlica de San Pedro\u00bb<\/span><\/a><\/p>\n","protected":false},"author":1,"featured_media":0,"comment_status":"open","ping_status":"closed","sticky":false,"template":"","format":"standard","meta":{"footnotes":""},"categories":[1],"tags":[],"class_list":["post-36784","post","type-post","status-publish","format-standard","hentry","category-general"],"_links":{"self":[{"href":"https:\/\/www.biblia.work\/sermones\/wp-json\/wp\/v2\/posts\/36784","targetHints":{"allow":["GET"]}}],"collection":[{"href":"https:\/\/www.biblia.work\/sermones\/wp-json\/wp\/v2\/posts"}],"about":[{"href":"https:\/\/www.biblia.work\/sermones\/wp-json\/wp\/v2\/types\/post"}],"author":[{"embeddable":true,"href":"https:\/\/www.biblia.work\/sermones\/wp-json\/wp\/v2\/users\/1"}],"replies":[{"embeddable":true,"href":"https:\/\/www.biblia.work\/sermones\/wp-json\/wp\/v2\/comments?post=36784"}],"version-history":[{"count":0,"href":"https:\/\/www.biblia.work\/sermones\/wp-json\/wp\/v2\/posts\/36784\/revisions"}],"wp:attachment":[{"href":"https:\/\/www.biblia.work\/sermones\/wp-json\/wp\/v2\/media?parent=36784"}],"wp:term":[{"taxonomy":"category","embeddable":true,"href":"https:\/\/www.biblia.work\/sermones\/wp-json\/wp\/v2\/categories?post=36784"},{"taxonomy":"post_tag","embeddable":true,"href":"https:\/\/www.biblia.work\/sermones\/wp-json\/wp\/v2\/tags?post=36784"}],"curies":[{"name":"wp","href":"https:\/\/api.w.org\/{rel}","templated":true}]}}