{"id":36785,"date":"2016-06-21T10:28:24","date_gmt":"2016-06-21T15:28:24","guid":{"rendered":"http:\/\/www.biblia.work\/sermones\/click-to-pray-app-para-rezar-con-el-papa\/"},"modified":"2016-06-21T10:28:24","modified_gmt":"2016-06-21T15:28:24","slug":"click-to-pray-app-para-rezar-con-el-papa","status":"publish","type":"post","link":"https:\/\/www.biblia.work\/sermones\/click-to-pray-app-para-rezar-con-el-papa\/","title":{"rendered":"Click to Pray, app para rezar con el Papa"},"content":{"rendered":"<p style=\"text-align: justify;\"><strong>&#8220;Click to Pray&#8221;, la nueva APP para unirse a la intenciones del Papa Francisco\u00a0<\/strong><\/p>\n<p>\u00a0 Esta ma\u00f1ana, viernes 4 de marzo, ha tenido lugar en el Vaticano la rueda de prensa de presentaci\u00f3n de <strong>Click to Pray<\/strong>, una iniciativa global (en versi\u00f3n App) desarrollada por la Red Mundial de Oraci\u00f3n del Papa (antes \u201cApostolado de la Oraci\u00f3n\u201d) para difundir las intenciones mensuales del Santo Padre sobre los desaf\u00edos de la humanidad.\u00a0El antes llamado Apostolado de la Oraci\u00f3n naci\u00f3 en el siglo XIX. El Papa encarg\u00f3 la animaci\u00f3n y promoci\u00f3n del APOR a la Compa\u00f1\u00eda de Jes\u00fas, nombrando como Director Mundial al Superior General de los Jesuitas. M\u00e1s informaci\u00f3n sobre el Apostolado de la oraci\u00f3n en Espa\u00f1a:\u00a0http:\/\/www.apostoladodelaoracion.com\/<\/p>\n<p align=\"justify\">La Red Mundial de Oraci\u00f3n del Papa (Apostolado de la Oraci\u00f3n) contin\u00faa mostrando su decisi\u00f3n de acercar la innovaci\u00f3n y las nuevas generaciones a la Iglesia. Acabamos de lanzar\u00a0Click To Pray, una nueva plataforma con la que invitamos a hombres y mujeres del mundo entero a unirse a las intenciones del papa Francisco por los desaf\u00edos de la humanidad.<\/p>\n<p align=\"justify\">(Madrid, 04\/03\/2016). \u2013\u00a0Tras el\u00a0lanzamiento de la primera campa\u00f1a de comunicaci\u00f3n protagonizada por un Papa, ahora Francisco vuelve a ser noticia por el lanzamiento de\u00a0Click To Pray\u00a0con el deseo de dar a conocer la\u00a0Red Mundial de Oraci\u00f3n del Papa\u00a0(Apostolado de la Oraci\u00f3n), difundir sus intenciones mensuales y promover un ritmo de oraci\u00f3n diaria.<\/p>\n<p align=\"justify\">Click To Pray presenta una oraci\u00f3n diferente para cada uno de los 365 d\u00edas del a\u00f1o, a trav\u00e9s de las cuales se puede rezar por los desaf\u00edos de la humanidad y unirse a diferentes culturas, idiomas y personas alrededor de esta causa universal. \u201cClick To Pray invita a los hombres y mujeres de todo el mundo a acompa\u00f1ar a Francisco en un nuevo camino compartido y digital, con el deseo de que los continentes se unan para rezar juntos por los grandes desaf\u00edos de este mundo, y de la misi\u00f3n de la iglesia, expresados por sus intenciones\u201d dijo P. Fr\u00e9d\u00e9ric Fornos, s.j., Director Internacional de la Red Mundial de Oraci\u00f3n del Papa (Apostolado de la Oraci\u00f3n).<\/p>\n<p align=\"justify\">Desarrollada, dise\u00f1ada y difundida por\u00a0La Machi, la agencia de comunicaci\u00f3n para buenas causas, est\u00e1 disponible en ingl\u00e9s, castellano, portugu\u00e9s y franc\u00e9s tanto para Android como para iOS, y fue pensada para que quienes se sumen puedan acompa\u00f1ar de modo f\u00e1cil, r\u00e1pido y cotidiano al Papa.<\/p>\n<p align=\"justify\">Una primera versi\u00f3n de Click To Pray hab\u00eda sido lanzada en 2014 en Portugal de la mano del Apostolado de la Oraci\u00f3n en dicho pa\u00eds. La primera versi\u00f3n, que sent\u00f3 el precedente para ahora \u201cglobalizar\u201d el proyecto, ya contaba con una comunidad de m\u00e1s de 87.000\u00a0personas de 138 pa\u00edses en sus diferentes canales de oraci\u00f3n.<\/p>\n<p align=\"justify\">La plataforma env\u00eda notificaciones para recordar el d\u00eda mundial de oraci\u00f3n (primer viernes de cada mes) y proponer un ritmo de oraci\u00f3n de tres veces durante el d\u00eda: por la ma\u00f1ana, durante el d\u00eda y por la noche. Con este lanzamiento, Francisco busca promover el esp\u00edritu de di\u00e1logo e interacci\u00f3n, para que cada usuario de Click To Pray pueda unirse a miles de personas y orar por sus intenciones y las de otros.<\/p>\n<p align=\"justify\">M\u00e1s de 35.000.000 de personas integran la Red Mundial de Oraci\u00f3n del Papa (Apostolado de la Oraci\u00f3n), que tiene cimientos en sus oficinas nacionales para lograr esfuerzos globales y lanzamientos como lo es el de Click To Pray. En\u00a0Espa\u00f1a\u00a0la Red Mundial de Oraci\u00f3n del Papa (Apostolado de la Oraci\u00f3n) trabaja generando espacios de reflexi\u00f3n y oraci\u00f3n para encontrar maneras concretas de colaborar con el Papa Francisco en los desaf\u00edos que se presentan cada mes.<\/p>\n<p style=\"text-align: justify;\">Prensa Jesuita<\/p>\n<p style=\"text-align: justify;\">VATICAN<\/p>\n","protected":false},"excerpt":{"rendered":"<p>&#8220;Click to Pray&#8221;, la nueva APP para unirse a la intenciones del Papa Francisco\u00a0 \u00a0 Esta ma\u00f1ana, viernes 4 de marzo, ha tenido lugar en el Vaticano la rueda de prensa de presentaci\u00f3n de Click to Pray, una iniciativa global (en versi\u00f3n App) desarrollada por la Red Mundial de Oraci\u00f3n del Papa (antes \u201cApostolado de &hellip; <a href=\"https:\/\/www.biblia.work\/sermones\/click-to-pray-app-para-rezar-con-el-papa\/\" class=\"more-link\">Continuar leyendo<span class=\"screen-reader-text\"> \u00abClick to Pray, app para rezar con el Papa\u00bb<\/span><\/a><\/p>\n","protected":false},"author":1,"featured_media":0,"comment_status":"open","ping_status":"closed","sticky":false,"template":"","format":"standard","meta":{"footnotes":""},"categories":[1],"tags":[],"class_list":["post-36785","post","type-post","status-publish","format-standard","hentry","category-general"],"_links":{"self":[{"href":"https:\/\/www.biblia.work\/sermones\/wp-json\/wp\/v2\/posts\/36785","targetHints":{"allow":["GET"]}}],"collection":[{"href":"https:\/\/www.biblia.work\/sermones\/wp-json\/wp\/v2\/posts"}],"about":[{"href":"https:\/\/www.biblia.work\/sermones\/wp-json\/wp\/v2\/types\/post"}],"author":[{"embeddable":true,"href":"https:\/\/www.biblia.work\/sermones\/wp-json\/wp\/v2\/users\/1"}],"replies":[{"embeddable":true,"href":"https:\/\/www.biblia.work\/sermones\/wp-json\/wp\/v2\/comments?post=36785"}],"version-history":[{"count":0,"href":"https:\/\/www.biblia.work\/sermones\/wp-json\/wp\/v2\/posts\/36785\/revisions"}],"wp:attachment":[{"href":"https:\/\/www.biblia.work\/sermones\/wp-json\/wp\/v2\/media?parent=36785"}],"wp:term":[{"taxonomy":"category","embeddable":true,"href":"https:\/\/www.biblia.work\/sermones\/wp-json\/wp\/v2\/categories?post=36785"},{"taxonomy":"post_tag","embeddable":true,"href":"https:\/\/www.biblia.work\/sermones\/wp-json\/wp\/v2\/tags?post=36785"}],"curies":[{"name":"wp","href":"https:\/\/api.w.org\/{rel}","templated":true}]}}