{"id":36786,"date":"2016-06-21T10:28:32","date_gmt":"2016-06-21T15:28:32","guid":{"rendered":"http:\/\/www.biblia.work\/sermones\/el-hermano-alois-recibido-por-el-papa-francisco\/"},"modified":"2016-06-21T10:28:32","modified_gmt":"2016-06-21T15:28:32","slug":"el-hermano-alois-recibido-por-el-papa-francisco","status":"publish","type":"post","link":"https:\/\/www.biblia.work\/sermones\/el-hermano-alois-recibido-por-el-papa-francisco\/","title":{"rendered":"El hermano Alois recibido por el Papa Francisco"},"content":{"rendered":"<p><b>El hermano Alois recibido por el Papa Francisco<\/b><b><br \/>\n<\/b><\/p>\n<p style=\"text-align: justify;\">\nEl jueves 3 de marzo, el Papa Francisco recibi\u00f3 en audiencia privada al hermano Alois, prior de la comunidad de Taiz\u00e9, quien se encuentra en Roma por algunos d\u00edas. Algunos de los temas que abordaron fueron, la acogida de los j\u00f3venes en Taiz\u00e9, los encuentros internacionales que organiza la comunidad y la b\u00fasqueda de la comuni\u00f3n entre las Iglesias cristianas.<\/p>\n<p align=\"justify\">Durante la cuaresma, con motivo del A\u00f1o Santo de la misericordia, los hermanos de Taiz\u00e9 animan dos oraciones cada d\u00eda en la iglesia San Giovanni dei Fiorentini, ubicada muy cerca de la bas\u00edlica de San Pedro, El 1 de marzo, el hermano Alois dio una conferencia en la Universidad Gregoriana de Roma sobre el tema: \u201cel camino de comuni\u00f3n seguido en Taiz\u00e9\u201d.<\/p>\n<p align=\"justify\">Para las pr\u00f3ximas celebraciones pascuales, alrededor de 8000 j\u00f3venes pasar\u00e1n algunos d\u00edas en la colina de Taiz\u00e9, antes o despu\u00e9s de la Pascua. Posteriormente el hermano Alois, algunos hermanos y un grupo de 150 j\u00f3venes de diferentes pa\u00edses viajar\u00e1n a Bucarest, en Ruman\u00eda, para participar en las celebraciones de la Pascua ortodoxa, el pr\u00f3ximo 1 de mayo. Para m\u00e1s informaci\u00f3n acerca de estos encuentros internacionales o de la peregrinaci\u00f3n de Pascua, escribe a\u00a0&lt;media@taize.fr&gt;.<\/p>\n<p style=\"text-align: justify;\">Jueves 3 de marzo de 2016<\/p>\n","protected":false},"excerpt":{"rendered":"<p>El hermano Alois recibido por el Papa Francisco El jueves 3 de marzo, el Papa Francisco recibi\u00f3 en audiencia privada al hermano Alois, prior de la comunidad de Taiz\u00e9, quien se encuentra en Roma por algunos d\u00edas. Algunos de los temas que abordaron fueron, la acogida de los j\u00f3venes en Taiz\u00e9, los encuentros internacionales que &hellip; <a href=\"https:\/\/www.biblia.work\/sermones\/el-hermano-alois-recibido-por-el-papa-francisco\/\" class=\"more-link\">Continuar leyendo<span class=\"screen-reader-text\"> \u00abEl hermano Alois recibido por el Papa Francisco\u00bb<\/span><\/a><\/p>\n","protected":false},"author":1,"featured_media":0,"comment_status":"open","ping_status":"closed","sticky":false,"template":"","format":"standard","meta":{"footnotes":""},"categories":[1],"tags":[],"class_list":["post-36786","post","type-post","status-publish","format-standard","hentry","category-general"],"_links":{"self":[{"href":"https:\/\/www.biblia.work\/sermones\/wp-json\/wp\/v2\/posts\/36786","targetHints":{"allow":["GET"]}}],"collection":[{"href":"https:\/\/www.biblia.work\/sermones\/wp-json\/wp\/v2\/posts"}],"about":[{"href":"https:\/\/www.biblia.work\/sermones\/wp-json\/wp\/v2\/types\/post"}],"author":[{"embeddable":true,"href":"https:\/\/www.biblia.work\/sermones\/wp-json\/wp\/v2\/users\/1"}],"replies":[{"embeddable":true,"href":"https:\/\/www.biblia.work\/sermones\/wp-json\/wp\/v2\/comments?post=36786"}],"version-history":[{"count":0,"href":"https:\/\/www.biblia.work\/sermones\/wp-json\/wp\/v2\/posts\/36786\/revisions"}],"wp:attachment":[{"href":"https:\/\/www.biblia.work\/sermones\/wp-json\/wp\/v2\/media?parent=36786"}],"wp:term":[{"taxonomy":"category","embeddable":true,"href":"https:\/\/www.biblia.work\/sermones\/wp-json\/wp\/v2\/categories?post=36786"},{"taxonomy":"post_tag","embeddable":true,"href":"https:\/\/www.biblia.work\/sermones\/wp-json\/wp\/v2\/tags?post=36786"}],"curies":[{"name":"wp","href":"https:\/\/api.w.org\/{rel}","templated":true}]}}