{"id":36787,"date":"2016-06-21T10:28:36","date_gmt":"2016-06-21T15:28:36","guid":{"rendered":"http:\/\/www.biblia.work\/sermones\/el-papa-francisco-agradece-a-ayuda-a-la-iglesia-necesitada-por-la-labor-que-realiza\/"},"modified":"2016-06-21T10:28:36","modified_gmt":"2016-06-21T15:28:36","slug":"el-papa-francisco-agradece-a-ayuda-a-la-iglesia-necesitada-por-la-labor-que-realiza","status":"publish","type":"post","link":"https:\/\/www.biblia.work\/sermones\/el-papa-francisco-agradece-a-ayuda-a-la-iglesia-necesitada-por-la-labor-que-realiza\/","title":{"rendered":"El Papa Francisco agradece a Ayuda a la Iglesia Necesitada por la labor que realiza"},"content":{"rendered":"<p style=\"text-align: justify;\"><strong>\u00a0El Papa Francisco agradece a Ayuda a la Iglesia Necesitada por la labor que realiza<\/strong><\/p>\n<p style=\"text-align: justify;\">\u00a0Salud\u00f3 en la residencia Santa Marta a sus directivos y concelebr\u00f3 con el presidente de los obispos de Pakist\u00e1n<\/p>\n<p style=\"text-align: justify;\">El papa Francisco ha dado las gracias a la fundaci\u00f3n de derecho pontificio, Ayuda a la Iglesia Necesitada (AIN), por la labor que desempe\u00f1a. El Santo Padre recibi\u00f3 este martes en la Casa Santa Marta al director de AIN en Italia, Alessandro Monteduro, y a la portavoz, Marta Petrosillo. La asociaci\u00f3n acompa\u00f1\u00f3 a monse\u00f1or Joseph Coutts, presidente de la Conferencia episcopal de Pakist\u00e1n, que pudo concelebrar con el Papa en la misa matutina.<\/p>\n<p style=\"text-align: justify;\">La fundaci\u00f3n pontificia regal\u00f3 al Santo Padre \u2013informan en un comunicado\u2013 una copia de la Biblia del ni\u00f1o en cada uno de los idiomas de los pa\u00edses que el Santo Padre ha visitado en estos tres a\u00f1os de pontificado.<\/p>\n<p style=\"text-align: justify;\">Se trata de una Biblia ilustrada por ni\u00f1os, la cual fue ideada en 1979 por el fundador de AIN, el padre Werenfried van Straaten. Hasta hoy, la fundaci\u00f3n pontificia ha impreso m\u00e1s de 51 millones de copias, en 178 lenguas y dialectos.<\/p>\n<p style=\"text-align: justify;\">Tal y como recuerdan, el papa Francisco conoce desde hace a\u00f1os a la asociaci\u00f3n con la que ha colaborado cuando era arzobispo de Buenos Aires. Y precisan que en el a\u00f1o 2007, en una carta de felicitaci\u00f3n enviada a los v\u00e9rtices de la fundaci\u00f3n por el 60\u00ba aniversario, el entonces cardenal Bergoglio defini\u00f3 a Ayuda a la Iglesia Necesitada, como \u201cun s\u00edmbolo de comuni\u00f3n y fraternidad con la Iglesia que sufre\u201d.<\/p>\n<p style=\"text-align: justify;\">ZENIT<\/p>\n","protected":false},"excerpt":{"rendered":"<p>\u00a0El Papa Francisco agradece a Ayuda a la Iglesia Necesitada por la labor que realiza \u00a0Salud\u00f3 en la residencia Santa Marta a sus directivos y concelebr\u00f3 con el presidente de los obispos de Pakist\u00e1n El papa Francisco ha dado las gracias a la fundaci\u00f3n de derecho pontificio, Ayuda a la Iglesia Necesitada (AIN), por la &hellip; <a href=\"https:\/\/www.biblia.work\/sermones\/el-papa-francisco-agradece-a-ayuda-a-la-iglesia-necesitada-por-la-labor-que-realiza\/\" class=\"more-link\">Continuar leyendo<span class=\"screen-reader-text\"> \u00abEl Papa Francisco agradece a Ayuda a la Iglesia Necesitada por la labor que realiza\u00bb<\/span><\/a><\/p>\n","protected":false},"author":1,"featured_media":0,"comment_status":"open","ping_status":"closed","sticky":false,"template":"","format":"standard","meta":{"footnotes":""},"categories":[1],"tags":[],"class_list":["post-36787","post","type-post","status-publish","format-standard","hentry","category-general"],"_links":{"self":[{"href":"https:\/\/www.biblia.work\/sermones\/wp-json\/wp\/v2\/posts\/36787","targetHints":{"allow":["GET"]}}],"collection":[{"href":"https:\/\/www.biblia.work\/sermones\/wp-json\/wp\/v2\/posts"}],"about":[{"href":"https:\/\/www.biblia.work\/sermones\/wp-json\/wp\/v2\/types\/post"}],"author":[{"embeddable":true,"href":"https:\/\/www.biblia.work\/sermones\/wp-json\/wp\/v2\/users\/1"}],"replies":[{"embeddable":true,"href":"https:\/\/www.biblia.work\/sermones\/wp-json\/wp\/v2\/comments?post=36787"}],"version-history":[{"count":0,"href":"https:\/\/www.biblia.work\/sermones\/wp-json\/wp\/v2\/posts\/36787\/revisions"}],"wp:attachment":[{"href":"https:\/\/www.biblia.work\/sermones\/wp-json\/wp\/v2\/media?parent=36787"}],"wp:term":[{"taxonomy":"category","embeddable":true,"href":"https:\/\/www.biblia.work\/sermones\/wp-json\/wp\/v2\/categories?post=36787"},{"taxonomy":"post_tag","embeddable":true,"href":"https:\/\/www.biblia.work\/sermones\/wp-json\/wp\/v2\/tags?post=36787"}],"curies":[{"name":"wp","href":"https:\/\/api.w.org\/{rel}","templated":true}]}}