{"id":36788,"date":"2016-06-21T10:28:40","date_gmt":"2016-06-21T15:28:40","guid":{"rendered":"http:\/\/www.biblia.work\/sermones\/padre-lombardi-se-despide-de-radio-vaticano-miren-con-confianza-la-reforma-de-los-media-vaticanos\/"},"modified":"2016-06-21T10:28:40","modified_gmt":"2016-06-21T15:28:40","slug":"padre-lombardi-se-despide-de-radio-vaticano-miren-con-confianza-la-reforma-de-los-media-vaticanos","status":"publish","type":"post","link":"https:\/\/www.biblia.work\/sermones\/padre-lombardi-se-despide-de-radio-vaticano-miren-con-confianza-la-reforma-de-los-media-vaticanos\/","title":{"rendered":"Padre Lombardi se despide de Radio Vaticano: &#8220;Miren con confianza la reforma de los \u2018media\u2019 vaticanos&#8221;"},"content":{"rendered":"<p style=\"text-align: justify;\"><strong>\u00a0Padre Lombardi se despide de Radio Vaticano: &#8220;Miren con confianza la reforma de los \u2018media\u2019 vaticanos&#8221;<br \/>\n<\/strong><\/p>\n<p style=\"text-align: justify;\">\u00a0Misi\u00f3n, conversi\u00f3n, comuni\u00f3n: son los tres puntos fuertes de la homil\u00eda que Padre Federico Lombardi pronunci\u00f3 en la Iglesia de Santa Mar\u00eda in Traspontina, a pocos pasos de Radio Vaticano, en ocasi\u00f3n de la conclusi\u00f3n de sus 25 a\u00f1os de servicio en la emisora pontificia. En una iglesia repleta de personas, nuestro Director General exhort\u00f3 a la comunidad de la emisora a \u201cmirar con esperanza y confianza la reforma de los medios de comunicaci\u00f3n vaticanos, en un renovado servicio al Papa y a la Iglesia\u201d.<\/p>\n<p style=\"text-align: justify;\">\u00a0Entre los concelebrantes, se encontraba Mons. Dario Edoardo Vigan\u00f3, Prefecto de la Secretaria para la Comunicaci\u00f3n y Mons. Lucio Adri\u00e1n Ruiz, Secretario del dicasterio.<\/p>\n<p style=\"text-align: justify;\">El padre Lombardi subray\u00f3 en su homil\u00eda que nunca se debe perder de vista, como comunicadores al servicio de la Iglesia, cu\u00e1l es la misi\u00f3n: anunciar la Palabra de Dios a todos. Y recordando que por muchos decenios llevar el Evangelio hasta los confines de la tierra estaba representado por las antenas de la radio, afirm\u00f3 que ahora es necesario trabajar sobre nuevos instrumentos y nuevos lenguajes que puedan llevar la Buena Noticia hasta los confines geogr\u00e1ficos de la tierra y a las periferias existenciales. \u00c9sta es la misi\u00f3n, dijo, llevar a Jes\u00fas al coraz\u00f3n de todos:<\/p>\n<p style=\"text-align: justify;\">\u201cMisi\u00f3n: me parece bello tambi\u00e9n para nosotros, rezar por este tema, entender a qu\u00e9 hemos sido llamados tambi\u00e9n nosotros, en nuestra vida y con nuestro servicio. Jes\u00fas vino para esta salvaci\u00f3n hasta los confines de la tierra, la Iglesia contin\u00faa su obra por esto. Los Papas, el Papa, contin\u00faa a servir esta misi\u00f3n. Nosotros hemos sido llamados a colaborar en esta misi\u00f3n\u201d.<\/p>\n<p style=\"text-align: justify;\">Tras constatar que muchos viven este momento de transici\u00f3n para los medios vaticanos con un mixto de disponibilidad y perplejidad, advirti\u00f3:<\/p>\n<p style=\"text-align: justify;\">\u201cAtenci\u00f3n tambi\u00e9n a los riesgos, a veces, de desconfianza o de duda, de miedo, a veces de divisi\u00f3n, a veces de habladur\u00edas causadas por la incerteza y por el desconocimiento claro del futuro. En esta situaci\u00f3n que es tambi\u00e9n riqu\u00edsima de potencialidades, porque el Se\u00f1or contin\u00faa siempre a llamarnos en lo nuevo, debemos rezar y rezar mucho, debemos asumir la actitud justa de disponibilidad, de responsabilidad, de esperanza y de confianza.<\/p>\n<p style=\"text-align: justify;\">Despu\u00e9s de la misa, en la Sala Marconi de nuestra emisora, el Padre Lombardi y el Dr. Alberto Gasbarri, Director Administrativo de Radio Vaticano, se despidieron de la comunidad de trabajo con una ceremonia informal. A ellos lleg\u00f3 tambi\u00e9n el agradecimiento de la Secretar\u00eda de Estado, a trav\u00e9s del saludo del Sustituto, Mons. Angelo Becciu, presente en la ceremonia.<\/p>\n<p style=\"text-align: justify;\">\u00a0Luego de agradecer a todos los que en estos a\u00f1os trabajaron con \u00e9l en la radio y con la radio, el padre Lombardi recit\u00f3 conmovido la oraci\u00f3n del jefe scout que, como confes\u00f3, lo ha acompa\u00f1ado y lo acompa\u00f1a todav\u00eda en cada una de sus jornadas.<\/p>\n<p style=\"text-align: justify;\">Por su parte, Alberto Gasbarri, puso el acento en la misi\u00f3n desarrollada por Radio Vaticano, reiterando que la comunicaci\u00f3n no puede ser un accesorio, sino una centralidad en la misi\u00f3n de la Iglesia y en esta direcci\u00f3n \u2013 asegur\u00f3 \u2013 se dirigieron los esfuerzos de la Compa\u00f1\u00eda de Jes\u00fas en estos \u00faltimos 50 a\u00f1os.<\/p>\n<p style=\"text-align: justify;\">\u201cEn la Santa Sede la comunicaci\u00f3n es central, porque no hace otra cosa que divulgar un mensaje\u201d, afirm\u00f3. Por lo tanto, si cae una comunicaci\u00f3n, cae todo. \u00a1La Santa Sede y la Iglesia se transforman en f\u00e1bricas de obispos y sacerdotes que no hacen nada si no comunican! Aquella que una vez se llamaba predicaci\u00f3n hoy se llama comunicaci\u00f3n\u201d.<\/p>\n<p style=\"text-align: justify;\">(MCM-RV)<\/p>\n<p style=\"text-align: justify;\">(from Vatican Radio)<\/p>\n","protected":false},"excerpt":{"rendered":"<p>\u00a0Padre Lombardi se despide de Radio Vaticano: &#8220;Miren con confianza la reforma de los \u2018media\u2019 vaticanos&#8221; \u00a0Misi\u00f3n, conversi\u00f3n, comuni\u00f3n: son los tres puntos fuertes de la homil\u00eda que Padre Federico Lombardi pronunci\u00f3 en la Iglesia de Santa Mar\u00eda in Traspontina, a pocos pasos de Radio Vaticano, en ocasi\u00f3n de la conclusi\u00f3n de sus 25 a\u00f1os &hellip; <a href=\"https:\/\/www.biblia.work\/sermones\/padre-lombardi-se-despide-de-radio-vaticano-miren-con-confianza-la-reforma-de-los-media-vaticanos\/\" class=\"more-link\">Continuar leyendo<span class=\"screen-reader-text\"> \u00abPadre Lombardi se despide de Radio Vaticano: &#8220;Miren con confianza la reforma de los \u2018media\u2019 vaticanos&#8221;\u00bb<\/span><\/a><\/p>\n","protected":false},"author":1,"featured_media":0,"comment_status":"open","ping_status":"closed","sticky":false,"template":"","format":"standard","meta":{"footnotes":""},"categories":[1],"tags":[],"class_list":["post-36788","post","type-post","status-publish","format-standard","hentry","category-general"],"_links":{"self":[{"href":"https:\/\/www.biblia.work\/sermones\/wp-json\/wp\/v2\/posts\/36788","targetHints":{"allow":["GET"]}}],"collection":[{"href":"https:\/\/www.biblia.work\/sermones\/wp-json\/wp\/v2\/posts"}],"about":[{"href":"https:\/\/www.biblia.work\/sermones\/wp-json\/wp\/v2\/types\/post"}],"author":[{"embeddable":true,"href":"https:\/\/www.biblia.work\/sermones\/wp-json\/wp\/v2\/users\/1"}],"replies":[{"embeddable":true,"href":"https:\/\/www.biblia.work\/sermones\/wp-json\/wp\/v2\/comments?post=36788"}],"version-history":[{"count":0,"href":"https:\/\/www.biblia.work\/sermones\/wp-json\/wp\/v2\/posts\/36788\/revisions"}],"wp:attachment":[{"href":"https:\/\/www.biblia.work\/sermones\/wp-json\/wp\/v2\/media?parent=36788"}],"wp:term":[{"taxonomy":"category","embeddable":true,"href":"https:\/\/www.biblia.work\/sermones\/wp-json\/wp\/v2\/categories?post=36788"},{"taxonomy":"post_tag","embeddable":true,"href":"https:\/\/www.biblia.work\/sermones\/wp-json\/wp\/v2\/tags?post=36788"}],"curies":[{"name":"wp","href":"https:\/\/api.w.org\/{rel}","templated":true}]}}