{"id":36790,"date":"2016-06-21T10:28:48","date_gmt":"2016-06-21T15:28:48","guid":{"rendered":"http:\/\/www.biblia.work\/sermones\/celebraciones-presididas-por-el-papa-francisco-en-marzo-y-abril-2016\/"},"modified":"2016-06-21T10:28:48","modified_gmt":"2016-06-21T15:28:48","slug":"celebraciones-presididas-por-el-papa-francisco-en-marzo-y-abril-2016","status":"publish","type":"post","link":"https:\/\/www.biblia.work\/sermones\/celebraciones-presididas-por-el-papa-francisco-en-marzo-y-abril-2016\/","title":{"rendered":"Celebraciones presididas por el Papa Francisco en marzo y abril 2016"},"content":{"rendered":"<p style=\"text-align: justify;\"><strong>Celebraciones presididas por el Papa Francisco en marzo y abril 2016<\/strong><\/p>\n<p align=\"justify\">La Oficina de las Celebraciones Lit\u00fargicas del Sumo Pont\u00edfice ha hecho p\u00fablico el calendario de las celebraciones que presidir\u00e1 el Santo Padre durante los meses de marzo y abril:<\/p>\n<p align=\"justify\"><strong>MARZO<\/strong><\/p>\n<p align=\"justify\">-Viernes 4: Celebraci\u00f3n penitencial. A las 17.30, en la bas\u00edlica de San Pedro.<\/p>\n<p align=\"justify\">-Domingo 6, IV de Cuaresma: En Ariccia (Italia). Inicio de los ejercicios espirituales para la Curia romana.<\/p>\n<p align=\"justify\">-Viernes 11: Conclusi\u00f3n de los ejercicios espirituales para la Curia romana.<\/p>\n<p align=\"justify\">-Martes 15: Consistorio para algunas Causas de Canonizaci\u00f3n. 10.00 horas en la Sala del Consistorio.<\/p>\n<p align=\"justify\">-Domingo 20, de Ramos y de la Pasi\u00f3n del Se\u00f1or: A las 9.30, en la plaza de San Pedro, bendici\u00f3n de los ramos, procesi\u00f3n y Santa Misa.<\/p>\n<p align=\"justify\">-Jueves Santo 24: En la Bas\u00edlica Vaticana, a las 9.30, Santa Misa del Crisma.<\/p>\n<p align=\"justify\">-Viernes Santo 25: A las 17.00, en la Bas\u00edlica Vaticana, celebraci\u00f3n de la Pasi\u00f3n del Se\u00f1or. A las 21.15, en el Coliseo, Via Crucis.<\/p>\n<p align=\"justify\">-S\u00e1bado Santo 26: A las 20.30,en la bas\u00edlica de San Pedro, Vigilia Pascual en la Noche Santa.<\/p>\n<p align=\"justify\">-Domingo de Pascua 27: En la Plaza de San Pedro, a las 10.00, Santa Misa. A las 12.00, Bendici\u00f3n &#8220;Urbi et Orbi&#8221;.<\/p>\n<p align=\"justify\"><strong>ABRIL<\/strong><\/p>\n<p align=\"justify\">-S\u00e1bado 2: En la Plaza de San Pedro, 18.00, Vigilia de oraci\u00f3n, Jubileo por cuantos adhieren a la espiritualidad de la Divina Misericordia.<\/p>\n<p align=\"justify\">-Domingo 3, III de Pascua o de la Divina Misericordia: En la Plaza de San Pedro, 10.30, Santa Misa del Jubileo para cuantos adhieren a la espiritualidad de la Divina Misericordia.<\/p>\n<p style=\"text-align: justify;\">Ciudad del Vaticano, 29 febrero 2016 (VIS).-<\/p>\n","protected":false},"excerpt":{"rendered":"<p>Celebraciones presididas por el Papa Francisco en marzo y abril 2016 La Oficina de las Celebraciones Lit\u00fargicas del Sumo Pont\u00edfice ha hecho p\u00fablico el calendario de las celebraciones que presidir\u00e1 el Santo Padre durante los meses de marzo y abril: MARZO -Viernes 4: Celebraci\u00f3n penitencial. A las 17.30, en la bas\u00edlica de San Pedro. -Domingo &hellip; <a href=\"https:\/\/www.biblia.work\/sermones\/celebraciones-presididas-por-el-papa-francisco-en-marzo-y-abril-2016\/\" class=\"more-link\">Continuar leyendo<span class=\"screen-reader-text\"> \u00abCelebraciones presididas por el Papa Francisco en marzo y abril 2016\u00bb<\/span><\/a><\/p>\n","protected":false},"author":1,"featured_media":0,"comment_status":"open","ping_status":"closed","sticky":false,"template":"","format":"standard","meta":{"footnotes":""},"categories":[1],"tags":[],"class_list":["post-36790","post","type-post","status-publish","format-standard","hentry","category-general"],"_links":{"self":[{"href":"https:\/\/www.biblia.work\/sermones\/wp-json\/wp\/v2\/posts\/36790","targetHints":{"allow":["GET"]}}],"collection":[{"href":"https:\/\/www.biblia.work\/sermones\/wp-json\/wp\/v2\/posts"}],"about":[{"href":"https:\/\/www.biblia.work\/sermones\/wp-json\/wp\/v2\/types\/post"}],"author":[{"embeddable":true,"href":"https:\/\/www.biblia.work\/sermones\/wp-json\/wp\/v2\/users\/1"}],"replies":[{"embeddable":true,"href":"https:\/\/www.biblia.work\/sermones\/wp-json\/wp\/v2\/comments?post=36790"}],"version-history":[{"count":0,"href":"https:\/\/www.biblia.work\/sermones\/wp-json\/wp\/v2\/posts\/36790\/revisions"}],"wp:attachment":[{"href":"https:\/\/www.biblia.work\/sermones\/wp-json\/wp\/v2\/media?parent=36790"}],"wp:term":[{"taxonomy":"category","embeddable":true,"href":"https:\/\/www.biblia.work\/sermones\/wp-json\/wp\/v2\/categories?post=36790"},{"taxonomy":"post_tag","embeddable":true,"href":"https:\/\/www.biblia.work\/sermones\/wp-json\/wp\/v2\/tags?post=36790"}],"curies":[{"name":"wp","href":"https:\/\/api.w.org\/{rel}","templated":true}]}}