{"id":36791,"date":"2016-06-21T10:28:58","date_gmt":"2016-06-21T15:28:58","guid":{"rendered":"http:\/\/www.biblia.work\/sermones\/el-papa-francisco-agradece-la-labor-de-la-compania-de-carabineros-de-roma-san-pedro\/"},"modified":"2016-06-21T10:28:58","modified_gmt":"2016-06-21T15:28:58","slug":"el-papa-francisco-agradece-la-labor-de-la-compania-de-carabineros-de-roma-san-pedro","status":"publish","type":"post","link":"https:\/\/www.biblia.work\/sermones\/el-papa-francisco-agradece-la-labor-de-la-compania-de-carabineros-de-roma-san-pedro\/","title":{"rendered":"El Papa Francisco agradece la labor de la Compa\u00f1\u00eda de Carabineros de Roma San Pedro"},"content":{"rendered":"<p style=\"text-align: justify;\"><strong>El Papa Francisco agradece la labor de la Compa\u00f1\u00eda de Carabineros de Roma San Pedro<\/strong><\/p>\n<p style=\"text-align: justify;\">\nCientocincuenta miembros de la <strong>Compa\u00f1\u00eda de Carabineros de Roma San Pedro<\/strong> que colabora con los organismos competentes de la Santa Sede para regular el desarrollo de los acontecimientos que a lo largo del a\u00f1o tienen lugar en la Plaza de San Pedro y sus alrededores han sido recibidos esta ma\u00f1ana por el Papa en la Sala Clementina. El Pont\u00edfice ha agradecido su labor al servicio de los peregrinos y turistas recordando que se trata de una actividad que requiere profesionalismo y sentido de responsabilidad en la misma medida que atenci\u00f3n a las personas, muchas de la cuales son ancianas, as\u00ed como paciencia y disponibilidad para con todos. &#8221;No son cualidades f\u00e1ciles- ha destacado- y por ello es importante contar con la ayuda de Dios&#8221;.<\/p>\n<p align=\"justify\">&#8221;El A\u00f1o Santo de la Misericordia -ha continuado- abre a todos una posibilidad de renovaci\u00f3n, partiendo de una purificaci\u00f3n interior que se refleja en el comportamiento y tambi\u00e9n en el ejercicio de las actividades diarias. Esta dimensi\u00f3n espiritual del evento jubilar nos empuja a interrogarnos acerca de nuestro compromiso para responder a las exigencias de fidelidad al Evangelio al que el Se\u00f1or nos llama a partir de nuestro estado de vida. El Jubileo se convierte as\u00ed en una ocasi\u00f3n propicia de verificaci\u00f3n personal y comunitaria: y el paradigma para ello son las obras de misericordia tanto corporales como espirituales. El Se\u00f1or nos recuerda que todo lo que hacemos con uno solo de nuestros hermanos m\u00e1s peque\u00f1os a El se lo hacemos&#8221;.<\/p>\n<p align=\"justify\">&#8221;Esta ense\u00f1anza de Jes\u00fas os gu\u00ede tambi\u00e9n a vosotros, responsables de la defensa del orden p\u00fablico, y os ayude a ser, en todas las circunstancias, promotores de solidaridad, especialmente para los m\u00e1s peque\u00f1os e indefensos; a ser defensores del derecho a la vida a trav\u00e9s del compromiso por la seguridad y la incolumidad de las personas. Tened siempre presente en el desarrollo de esta misi\u00f3n que toda persona es amada por Dios, es una criatura suya y merece acogida y respeto. \u00a1Que la gracia del Jubileo extraordinari de la Misericordia -dijo Francisco al final de su breve discurso- renueve el esp\u00edritu con que os dedic\u00e1is a vuestra profesi\u00f3n, llev\u00e1ndoos a vivirla todav\u00eda con m\u00e1s atenci\u00f3n, dedicaci\u00f3n y generosidad!&#8221;.<\/p>\n<p style=\"text-align: justify;\">\nCiudad del Vaticano, 29 de febrero de 2016 (Vis).-<\/p>\n","protected":false},"excerpt":{"rendered":"<p>El Papa Francisco agradece la labor de la Compa\u00f1\u00eda de Carabineros de Roma San Pedro Cientocincuenta miembros de la Compa\u00f1\u00eda de Carabineros de Roma San Pedro que colabora con los organismos competentes de la Santa Sede para regular el desarrollo de los acontecimientos que a lo largo del a\u00f1o tienen lugar en la Plaza de &hellip; <a href=\"https:\/\/www.biblia.work\/sermones\/el-papa-francisco-agradece-la-labor-de-la-compania-de-carabineros-de-roma-san-pedro\/\" class=\"more-link\">Continuar leyendo<span class=\"screen-reader-text\"> \u00abEl Papa Francisco agradece la labor de la Compa\u00f1\u00eda de Carabineros de Roma San Pedro\u00bb<\/span><\/a><\/p>\n","protected":false},"author":1,"featured_media":0,"comment_status":"open","ping_status":"closed","sticky":false,"template":"","format":"standard","meta":{"footnotes":""},"categories":[1],"tags":[],"class_list":["post-36791","post","type-post","status-publish","format-standard","hentry","category-general"],"_links":{"self":[{"href":"https:\/\/www.biblia.work\/sermones\/wp-json\/wp\/v2\/posts\/36791","targetHints":{"allow":["GET"]}}],"collection":[{"href":"https:\/\/www.biblia.work\/sermones\/wp-json\/wp\/v2\/posts"}],"about":[{"href":"https:\/\/www.biblia.work\/sermones\/wp-json\/wp\/v2\/types\/post"}],"author":[{"embeddable":true,"href":"https:\/\/www.biblia.work\/sermones\/wp-json\/wp\/v2\/users\/1"}],"replies":[{"embeddable":true,"href":"https:\/\/www.biblia.work\/sermones\/wp-json\/wp\/v2\/comments?post=36791"}],"version-history":[{"count":0,"href":"https:\/\/www.biblia.work\/sermones\/wp-json\/wp\/v2\/posts\/36791\/revisions"}],"wp:attachment":[{"href":"https:\/\/www.biblia.work\/sermones\/wp-json\/wp\/v2\/media?parent=36791"}],"wp:term":[{"taxonomy":"category","embeddable":true,"href":"https:\/\/www.biblia.work\/sermones\/wp-json\/wp\/v2\/categories?post=36791"},{"taxonomy":"post_tag","embeddable":true,"href":"https:\/\/www.biblia.work\/sermones\/wp-json\/wp\/v2\/tags?post=36791"}],"curies":[{"name":"wp","href":"https:\/\/api.w.org\/{rel}","templated":true}]}}